{"id":42442,"date":"2019-06-24T05:02:11","date_gmt":"2019-06-24T09:02:11","guid":{"rendered":"https:\/\/linitiative.ca\/International\/des-leaders-communautaires-a-lecole-de-la-paix-et-de-la-cohesion-sociale\/"},"modified":"2019-06-24T05:02:11","modified_gmt":"2019-06-24T09:02:11","slug":"des-leaders-communautaires-a-lecole-de-la-paix-et-de-la-cohesion-sociale","status":"publish","type":"post","link":"https:\/\/linitiative.ca\/International\/des-leaders-communautaires-a-lecole-de-la-paix-et-de-la-cohesion-sociale\/","title":{"rendered":"Des leaders communautaires \u00e0 l\u2019\u00e9cole de la paix et de la coh\u00e9sion sociale"},"content":{"rendered":"<div class=\"td-post-featured-image\"><a href=\"https:\/\/i2.wp.com\/www.sidwaya.info\/wp-content\/uploads\/2019\/06\/DSCN4150.jpg?fit=640%2C480&#038;ssl=1\" data-caption=\"\"><img loading=\"lazy\" decoding=\"async\" width=\"640\" height=\"480\" class=\"entry-thumb td-modal-image\" src=\"https:\/\/i2.wp.com\/www.sidwaya.info\/wp-content\/uploads\/2019\/06\/DSCN4150.jpg?resize=640%2C480&#038;ssl=1\" srcset=\"https:\/\/i2.wp.com\/www.sidwaya.info\/wp-content\/uploads\/2019\/06\/DSCN4150.jpg?w=640&#038;ssl=1 640w, https:\/\/i2.wp.com\/www.sidwaya.info\/wp-content\/uploads\/2019\/06\/DSCN4150.jpg?resize=300%2C225&#038;ssl=1 300w, https:\/\/i2.wp.com\/www.sidwaya.info\/wp-content\/uploads\/2019\/06\/DSCN4150.jpg?resize=80%2C60&#038;ssl=1 80w, https:\/\/i2.wp.com\/www.sidwaya.info\/wp-content\/uploads\/2019\/06\/DSCN4150.jpg?resize=265%2C198&#038;ssl=1 265w, https:\/\/i2.wp.com\/www.sidwaya.info\/wp-content\/uploads\/2019\/06\/DSCN4150.jpg?resize=560%2C420&#038;ssl=1 560w\" sizes=\"auto, (max-width: 640px) 100vw, 640px\" alt=\"\" title=\"DSCN4150\"\/><\/a><\/div>\n<p><strong>Le Centre Dioc\u00e9sain de Communication (CDC) de Ouahigouya a initi\u00e9 une session de renforcement de capacit\u00e9s au profit d\u2019une quarantaine de leaders issus de diff\u00e9rentes couches socio-professionnelles. Les 17-18 juin 2019 au Centre Louis Durieux de Ouahigouya les participants ont \u00e9t\u00e9 outill\u00e9s en techniques de gestion des conflits, en dialogue social et religieux afin de contribuer \u00e0 promouvoir la paix et \u00a0la coh\u00e9sion sociale au sein de leurs communaut\u00e9s<\/strong>\u00a0<strong>respectives.<\/strong><\/p>\n<p>En organisant cette session de formation, le Centre Dioc\u00e9sain de Communication \u00a0(CDC) a voulu permettre aux leaders cibl\u00e9s d\u2019avoir des rudiments n\u00e9cessaires pour \u00eatre porteurs de voix mod\u00e9r\u00e9es au sein de leurs communaut\u00e9s. Partant du fait que le conflit fait partie int\u00e9grante de toute vie en communaut\u00e9, donc indissociable et m\u00eame in\u00e9vitable de toute dynamique sociale, il importe d\u00e8s lors de chercher \u00e0 l\u2019identifier, \u00e0 le comprendre, \u00e0 l\u2019analyser, \u00e0 le g\u00e9rer afin de donner de meilleures chances de succ\u00e8s \u00e0 l\u2019installation de la paix et \u00e0 la promotion des actions de d\u00e9veloppement. C\u2019est sous le th\u00e8me \u00ab\u00a0Dialogue social et religieux, au service de la paix et de la coh\u00e9sion sociale au sein de nos communaut\u00e9s\u00a0\u00bb que s\u0153urs religieuses, pasteurs, Imams, responsables coutumiers, \u00e9l\u00e9ments des forces de d\u00e9fenses et de s\u00e9curit\u00e9, responsables de radios et autres leaders communautaires se sont retrouv\u00e9s pour \u00e9changer.<\/p>\n<p><img loading=\"lazy\" decoding=\"async\" class=\"alignleft wp-image-9618\" src=\"https:\/\/i1.wp.com\/www.sidwaya.info\/wp-content\/uploads\/2019\/06\/DSCN4144.jpg?resize=459%2C344&#038;ssl=1\" alt=\"\" width=\"459\" height=\"344\" srcset=\"https:\/\/i1.wp.com\/www.sidwaya.info\/wp-content\/uploads\/2019\/06\/DSCN4144.jpg?w=640&#038;ssl=1 640w, https:\/\/i1.wp.com\/www.sidwaya.info\/wp-content\/uploads\/2019\/06\/DSCN4144.jpg?resize=300%2C225&#038;ssl=1 300w, https:\/\/i1.wp.com\/www.sidwaya.info\/wp-content\/uploads\/2019\/06\/DSCN4144.jpg?resize=80%2C60&#038;ssl=1 80w, https:\/\/i1.wp.com\/www.sidwaya.info\/wp-content\/uploads\/2019\/06\/DSCN4144.jpg?resize=265%2C198&#038;ssl=1 265w, https:\/\/i1.wp.com\/www.sidwaya.info\/wp-content\/uploads\/2019\/06\/DSCN4144.jpg?resize=560%2C420&#038;ssl=1 560w\" sizes=\"auto, (max-width: 459px) 100vw, 459px\" data-recalc-dims=\"1\"\/><\/p>\n<p>Pendant deux jours, \u00e0 travers des communications en langue locale moor\u00e9 par Komi Ali et en fran\u00e7ais par Boureima Sor\u00e9, les participants ont \u00e9t\u00e9 outill\u00e9s\u00a0 sur la th\u00e9matique principale. M. Sor\u00e9, coordonnateur du projet REDIRE et communicateur du jour s\u2019est appesanti de prime abord sur la compr\u00e9hension, la classification, les types de conflits au Burkina Faso, la d\u00e9finition des concepts tels le dialogue, la m\u00e9diation, la violence, etc., les participants ont \u00e9t\u00e9 outill\u00e9s en\u00a0 outre sur le mode de r\u00e9solution des conflits \u00e0 travers l\u2019arbitrage la conciliation, la m\u00e9diation et \u00a0les techniques de n\u00e9gociation. Au terme de cette session les participants ont ma\u00eetris\u00e9 le concept de dialogue social \u00e0 partir de rudiments n\u00e9cessaires pour un dialogue constructif au sein des communaut\u00e9s. En outre, ils ont renforc\u00e9 leurs connaissances en\u00a0 techniques de pr\u00e9vention, gestion des conflits \u00e0 travers un cadre d\u2019\u00e9change, de brassages culturels, religieux et ethniques pour la promotion du dialogue social et religieux. \u00ab\u00a0Nous interpellons les populations \u00e0 s\u2019identifier et \u00e0 s\u2019aligner derri\u00e8re les leaders communautaires \u00e0 travers tout ce qu\u2019ils vont initier afin que la coh\u00e9sion sociale soit une r\u00e9alit\u00e9 dans la zone d\u2019intervention du CDC\u00a0\u00bb , a indiqu\u00e9 Boureima Sor\u00e9 de l\u2019ONG Educo et coordonnateur du projet \u00ab\u00a0Renforcement du Dialogue Social et Religieux au sein des Communaut\u00e9s du Nord et du Centre-Nord du Burkina Faso\u00a0\u00bb (REDIRE). Cette formation\u00a0a \u00e9t\u00e9 rendu possible gr\u00e2ce au financement de l\u2019Union Europ\u00e9enne au\u00a0 consortium\u00a0 d\u2019associations \u00e0 savoir (Educo),\u00a0 (CDC), (CCFC) et Tabital Lobal.<\/p>\n<p><strong>Philibert NIKIEMA<\/strong><\/p>\n<div class=\"td-a-rec td-a-rec-id-content_bottom td_uid_30_5d11443e5d6bd_rand td_block_template_1\"><img loading=\"lazy\" decoding=\"async\" class=\"aligncenter size-full wp-image-9623\" src=\"https:\/\/www.sidwaya.info\/wp-content\/uploads\/2019\/06\/Projet-bannie%CC%80re-Orange-mobile.jpg\" alt=\"\" width=\"728\" height=\"81\"\/><\/div>\n<p>Auteur: BS. Sidwaya<br \/>\n<a href=\"https:\/\/www.sidwaya.info\/blog\/2019\/06\/24\/des-leaders-communautaires-a-lecole-de-la-paix-et-de-la-cohesion-sociale\/\">Cliquez ici pour lire l&rsquo;article depuis sa source.<\/a><\/p>\n","protected":false},"excerpt":{"rendered":"<p>Le Centre Dioc\u00e9sain de Communication (CDC) de Ouahigouya a initi\u00e9 une session de renforcement de capacit\u00e9s au profit d\u2019une quarantaine de leaders issus de diff\u00e9rentes couches socio-professionnelles. Les 17-18 juin 2019 au Centre Louis Durieux de Ouahigouya les participants ont \u00e9t\u00e9 outill\u00e9s en techniques de gestion des conflits, en dialogue social et religieux afin de [&hellip;]<\/p>\n","protected":false},"author":1816,"featured_media":0,"comment_status":"closed","ping_status":"closed","sticky":false,"template":"","format":"standard","meta":{"fifu_image_url":"","fifu_image_alt":"","footnotes":""},"categories":[73,81],"tags":[],"class_list":["post-42442","post","type-post","status-publish","format-standard","hentry","category-actualite","category-burkina-faso"],"_links":{"self":[{"href":"https:\/\/linitiative.ca\/International\/wp-json\/wp\/v2\/posts\/42442","targetHints":{"allow":["GET"]}}],"collection":[{"href":"https:\/\/linitiative.ca\/International\/wp-json\/wp\/v2\/posts"}],"about":[{"href":"https:\/\/linitiative.ca\/International\/wp-json\/wp\/v2\/types\/post"}],"author":[{"embeddable":true,"href":"https:\/\/linitiative.ca\/International\/wp-json\/wp\/v2\/users\/1816"}],"replies":[{"embeddable":true,"href":"https:\/\/linitiative.ca\/International\/wp-json\/wp\/v2\/comments?post=42442"}],"version-history":[{"count":0,"href":"https:\/\/linitiative.ca\/International\/wp-json\/wp\/v2\/posts\/42442\/revisions"}],"wp:attachment":[{"href":"https:\/\/linitiative.ca\/International\/wp-json\/wp\/v2\/media?parent=42442"}],"wp:term":[{"taxonomy":"category","embeddable":true,"href":"https:\/\/linitiative.ca\/International\/wp-json\/wp\/v2\/categories?post=42442"},{"taxonomy":"post_tag","embeddable":true,"href":"https:\/\/linitiative.ca\/International\/wp-json\/wp\/v2\/tags?post=42442"}],"curies":[{"name":"wp","href":"https:\/\/api.w.org\/{rel}","templated":true}]}}