{"id":42443,"date":"2019-06-24T14:19:37","date_gmt":"2019-06-24T18:19:37","guid":{"rendered":"https:\/\/linitiative.ca\/International\/lafrique-de-louest-enregistre-292-de-taux-de-retard-de-croissance-des-enfants-de-moins-de-5-ans-bad\/"},"modified":"2019-06-24T14:19:37","modified_gmt":"2019-06-24T18:19:37","slug":"lafrique-de-louest-enregistre-292-de-taux-de-retard-de-croissance-des-enfants-de-moins-de-5-ans-bad","status":"publish","type":"post","link":"https:\/\/linitiative.ca\/International\/lafrique-de-louest-enregistre-292-de-taux-de-retard-de-croissance-des-enfants-de-moins-de-5-ans-bad\/","title":{"rendered":"L\u2019Afrique de l\u2019ouest enregistre 29,2% de taux de retard de croissance des enfants  de moins de 5 ans, (BAD)"},"content":{"rendered":"<div readability=\"32\">\n<p>Publi\u00e9 le 24.06.2019 \u00e0 19h19 par APA News<\/p>\n<\/div>\n<div readability=\"82\">\n<p>L\u2019Afrique de l\u2019ouest enregistre 29,2% de taux de retard de croissance des enfants de moins de cinq ans, a indiqu\u00e9 lundi \u00e0 Abidjan, Dr Babatund\u00e9 Omilola, manager de la division de la s\u00e9curit\u00e9 de la sant\u00e9 publique et de la nutrition \u00e0 la Banque africaine de d\u00e9veloppement (BAD).\u00a0Dr Babatund\u00e9 s\u2019exprimait dans un discours de \u00a0pr\u00e9sentation de la situation de la malnutrition en Afrique de l\u2019ouest \u00a0prononc\u00e9 \u00e0 la faveur d\u2019une rencontre r\u00e9gionale de sensibilisation sur \u00a0 la s\u00e9curit\u00e9 alimentaire et nutritionnelle des enfants de moins de cinq \u00a0ans en Afrique de l\u2019Ouest et du centre initi\u00e9e par la Banque africaine \u00a0de d\u00e9veloppement ( BAD).<\/p>\n<p>\u00a0Ces assises qui r\u00e9unissent des dirigeants de \u00a0cette institution financi\u00e8re \u00a0et leurs partenaires des secteurs public \u00a0et priv\u00e9 ainsi que des institutions bilat\u00e9rales, \u00a0visent \u00e0 passer en \u00a0revue la strat\u00e9gie de nutrition de la Banque et \u00e0 sensibiliser contre \u00a0l\u2019ins\u00e9curit\u00e9 nutritionnelle des enfants de moins de cinq ans dans ces \u00a0deux r\u00e9gions du continent.\u00a0<\/p>\n<p>\u00ab La situation de retard de \u00a0croissance des enfants de moins de cinq ans est tr\u00e8s alarmante en \u00a0Afrique de l\u2019ouest. L\u2019Afrique perd chaque ann\u00e9e 25 millions de dollars \u00a0du fait de la malnutrition. L\u2019Afrique de l\u2019ouest enregistre 29,2% de \u00a0taux de retard de croissance des enfants de moins de cinq ans\u00bb, a \u00a0d\u00e9plor\u00e9 Dr \u00a0Babatund\u00e9.\u00a0<\/p>\n<p>Selon lui, l\u2019ins\u00e9curit\u00e9 alimentaire est l\u2019une des \u00a0raisons fondamentales de la persistance de la malnutrition en Afrique \u00a0de l\u2019Ouest et du Centre. C\u2019est pourquoi, il a appel\u00e9 \u00e0 prendre des \u00ab \u00a0mesures urgentes \u00bb estimant que \u00ab le co\u00fbt de la malnutrition est tr\u00e8s \u00a0\u00e9lev\u00e9 \u00bb.\u00a0<\/p>\n<p>\u00ab A ce jour en Afrique il se pose le probl\u00e8me de surpoids des \u00a0adolescents avec plus de 1,6 million d\u2019enfants atteints de malnutrition \u00a0aigu\u00eb dans la r\u00e9gion du sahel\u00bb, a dit pour sa part, \u00a0\u00e0 APA, Ramata \u00a0Almamy \u00a0Mbaye, conseill\u00e8re r\u00e9gionale \u00e0 la mobilisation des ressources \u00a0 \u00e0 \u00ab Action contre la faim\u00bb ( ACF), soulignant que \u00ab nous voulons une \u00a0population faite de jeunes, de femmes, de personnes du troisi\u00e8me \u00e2ge \u00a0saine et bien nourries \u00bb.<\/p>\n<p>\u00a0Cette rencontre initi\u00e9e par la BAD s\u2019inscrit \u00a0dans le cadre de son plan d\u2019actions multi-sectoriel \u00a0pour la nutrition \u00a02018-2025 dont l\u2019objectif consiste \u00e0 r\u00e9duire de 40% le retard de \u00a0croissance des enfants africains de moins de cinq ans d\u2019ici 2025.\u00a0<\/p>\n<p>C\u2019est \u00a0en \u00a02018 que la BAD a lanc\u00e9 ce plan en s\u2019engageant \u00e0 augmenter la part \u00a0de ses investissements b\u00e9n\u00e9fiques pour la nutrition dans les domaines de \u00a0l\u2019agriculture, de l\u2019eau, de l\u2019assainissement, du social et de la \u00a0sant\u00e9.\u00a0<\/p>\n<\/div>\n<p>Auteur: APA News<br \/>\n<a href=\"https:\/\/www.journalducameroun.com\/lafrique-de-louest-enregistre-292-de-taux-de-retard-de-croissance-des-enfants-de-moins-de-5-ans-bad\/\">Cliquez ici pour lire l&rsquo;article depuis sa source.<\/a><\/p>\n","protected":false},"excerpt":{"rendered":"<p>Publi\u00e9 le 24.06.2019 \u00e0 19h19 par APA News L\u2019Afrique de l\u2019ouest enregistre 29,2% de taux de retard de croissance des enfants de moins de cinq ans, a indiqu\u00e9 lundi \u00e0 Abidjan, Dr Babatund\u00e9 Omilola, manager de la division de la s\u00e9curit\u00e9 de la sant\u00e9 publique et de la nutrition \u00e0 la Banque africaine de d\u00e9veloppement [&hellip;]<\/p>\n","protected":false},"author":1965,"featured_media":0,"comment_status":"closed","ping_status":"closed","sticky":false,"template":"","format":"standard","meta":{"fifu_image_url":"","fifu_image_alt":"","footnotes":""},"categories":[73,82],"tags":[],"class_list":["post-42443","post","type-post","status-publish","format-standard","hentry","category-actualite","category-cameroun"],"_links":{"self":[{"href":"https:\/\/linitiative.ca\/International\/wp-json\/wp\/v2\/posts\/42443","targetHints":{"allow":["GET"]}}],"collection":[{"href":"https:\/\/linitiative.ca\/International\/wp-json\/wp\/v2\/posts"}],"about":[{"href":"https:\/\/linitiative.ca\/International\/wp-json\/wp\/v2\/types\/post"}],"author":[{"embeddable":true,"href":"https:\/\/linitiative.ca\/International\/wp-json\/wp\/v2\/users\/1965"}],"replies":[{"embeddable":true,"href":"https:\/\/linitiative.ca\/International\/wp-json\/wp\/v2\/comments?post=42443"}],"version-history":[{"count":0,"href":"https:\/\/linitiative.ca\/International\/wp-json\/wp\/v2\/posts\/42443\/revisions"}],"wp:attachment":[{"href":"https:\/\/linitiative.ca\/International\/wp-json\/wp\/v2\/media?parent=42443"}],"wp:term":[{"taxonomy":"category","embeddable":true,"href":"https:\/\/linitiative.ca\/International\/wp-json\/wp\/v2\/categories?post=42443"},{"taxonomy":"post_tag","embeddable":true,"href":"https:\/\/linitiative.ca\/International\/wp-json\/wp\/v2\/tags?post=42443"}],"curies":[{"name":"wp","href":"https:\/\/api.w.org\/{rel}","templated":true}]}}