{"id":42444,"date":"2019-06-24T14:20:39","date_gmt":"2019-06-24T18:20:39","guid":{"rendered":"https:\/\/linitiative.ca\/International\/senegal-aliou-sall-demissionne-de-la-caisse-des-depots-et-consignations\/"},"modified":"2019-06-24T14:20:39","modified_gmt":"2019-06-24T18:20:39","slug":"senegal-aliou-sall-demissionne-de-la-caisse-des-depots-et-consignations","status":"publish","type":"post","link":"https:\/\/linitiative.ca\/International\/senegal-aliou-sall-demissionne-de-la-caisse-des-depots-et-consignations\/","title":{"rendered":"S\u00e9n\u00e9gal : Aliou Sall d\u00e9missionne de la Caisse des d\u00e9p\u00f4ts et consignations"},"content":{"rendered":"<div readability=\"32\">\n<p>Publi\u00e9 le 24.06.2019 \u00e0 19h20 par APA News<\/p>\n<\/div>\n<div readability=\"103\">\n<p>Aliou Sall a, dans une lettre transmise aux m\u00e9dia lundi apr\u00e8s-midi, annonc\u00e9 sa d\u00e9mission de son poste de Directeur g\u00e9n\u00e9ral de la caisse des d\u00e9p\u00f4ts et consignations (Cdc), apr\u00e8s les r\u00e9v\u00e9lations de BBC sur un scandale p\u00e9trolier l\u2019impliquant avec Franck Timis.\u00ab (\u2026) Fort de la conviction profonde que demain il fera jour, et que la lumi\u00e8re finira d\u2019avoir raison des t\u00e9n\u00e8bres, je prends ici devant vous la d\u00e9cision de donner ma d\u00e9mission de la t\u00eate de la Caisse de D\u00e9p\u00f4ts et de Consignations \u00e0 compter de ce jour \u00bb, \u00e9crit Aliou Sall, par ailleurs maire de Gu\u00e9diawaye, dans sa lettre.<\/p>\n<p>Il poursuit : \u00ab Dans le m\u00eame temps, je peux vous assurer, mes chers amis, que je prends date pour l\u2019avenir, parce que je reste persuad\u00e9 que cette \u00e9preuve rendra beaucoup de service \u00e0 mon peuple dans le futur. Elle aura en effet le m\u00e9rite, j\u2019en suis s\u00fbr, de montrer \u00e0 la face du monde les vrais visages de ceux qui salissent la noblesse de la politique sous des dehors de serviteurs du peuple \u00bb.<\/p>\n<p>Depuis l\u2019\u00e9clatement du \u00ab scandale \u00e9nerg\u00e9tique de 10 milliards de dollars \u00bb apr\u00e8s une enqu\u00eate de la BBC sur la cession au S\u00e9n\u00e9gal des contrats p\u00e9tro-gaziers entre les soci\u00e9t\u00e9s Petro-Tim et British Petroleum (BP), beaucoup d\u2019acteurs de la soci\u00e9t\u00e9 et de l\u2019opposition demandent le limogeage d\u2019Aliou Sall, fr\u00e8re-cadet du chef de l\u2019Etat, Macky Sall, de la Caisse des d\u00e9p\u00f4ts et consignations et sa mise \u00e0 disposition \u00e0 la justice.<\/p>\n<p>Les deux derniers vendredis, la coalition citoyenne \u00ab Aar linu book \u00bb a organis\u00e9 des manifestations \u00e0 Dakar pour exiger la lumi\u00e8re sur les contrats p\u00e9troliers et gaziers.<\/p>\n<p>Mais selon M. Sall, \u00ab cette affaire autour du p\u00e9trole, avant de prendre les contours d\u2019un enjeu national voire international, constitue aussi et d\u2019abord un enjeu personnel, une v\u00e9ritable trag\u00e9die qui touche un \u00eatre en chair et en os, un homme qui \u00e9prouve des sentiments, qui a \u00e9t\u00e9 \u00e9lev\u00e9 dans certaines valeurs cardinales, qui vit en soci\u00e9t\u00e9, entour\u00e9 de sa famille, de ses amis et de ses sympathisants \u00bb.<\/p>\n<p>\u00ab Cette campagne, \u00e9crit-il, pr\u00e9sente l\u2019autre (moi en l\u2019occurrence), comme l\u2019ennemi public num\u00e9ro un, et elle se donne les moyens de faire mouche parce qu\u2019elle finit de prendre le visage de la v\u00e9rit\u00e9 \u00e0 force de travestir les faits les uns apr\u00e8s les autres.<br \/>Elle joue \u00e9galement de mani\u00e8re ind\u00e9cente sur la corde sensible de populations qui se battent au quotidien pour vivre voire pour survivre ; et \u00e0 ces populations, elle s\u2019emploie \u00e0 offrir comme provision, des raccourcis cyniques et dangereux \u00bb.<\/p>\n<p>\u00ab En somme, poursuit-il, c\u2019est une campagne visant \u00e0 me \u00ab d\u00e9shumaniser \u00bb (le mot n\u2019est pas trop fort), parce que c\u2019est de cela qu\u2019il s\u2019agit, une campagne qui pr\u00e9sente l\u2019autre (toujours moi) comme le m\u00e9chant face aux bons, celui qui s\u2019abreuve du sang et de la sueur du peuple s\u00e9n\u00e9galais, le personnage sans foi ni loi qui nargue un peuple exsangue \u00bb.<\/p>\n<\/div>\n<p>Auteur: APA News<br \/>\n<a href=\"https:\/\/www.journalducameroun.com\/senegal-aliou-sall-demissionne-de-la-caisse-des-depots-et-consignations\/\">Cliquez ici pour lire l&rsquo;article depuis sa source.<\/a><\/p>\n","protected":false},"excerpt":{"rendered":"<p>Publi\u00e9 le 24.06.2019 \u00e0 19h20 par APA News Aliou Sall a, dans une lettre transmise aux m\u00e9dia lundi apr\u00e8s-midi, annonc\u00e9 sa d\u00e9mission de son poste de Directeur g\u00e9n\u00e9ral de la caisse des d\u00e9p\u00f4ts et consignations (Cdc), apr\u00e8s les r\u00e9v\u00e9lations de BBC sur un scandale p\u00e9trolier l\u2019impliquant avec Franck Timis.\u00ab (\u2026) Fort de la conviction profonde [&hellip;]<\/p>\n","protected":false},"author":1965,"featured_media":0,"comment_status":"closed","ping_status":"closed","sticky":false,"template":"","format":"standard","meta":{"fifu_image_url":"","fifu_image_alt":"","footnotes":""},"categories":[73,82],"tags":[],"class_list":["post-42444","post","type-post","status-publish","format-standard","hentry","category-actualite","category-cameroun"],"_links":{"self":[{"href":"https:\/\/linitiative.ca\/International\/wp-json\/wp\/v2\/posts\/42444","targetHints":{"allow":["GET"]}}],"collection":[{"href":"https:\/\/linitiative.ca\/International\/wp-json\/wp\/v2\/posts"}],"about":[{"href":"https:\/\/linitiative.ca\/International\/wp-json\/wp\/v2\/types\/post"}],"author":[{"embeddable":true,"href":"https:\/\/linitiative.ca\/International\/wp-json\/wp\/v2\/users\/1965"}],"replies":[{"embeddable":true,"href":"https:\/\/linitiative.ca\/International\/wp-json\/wp\/v2\/comments?post=42444"}],"version-history":[{"count":0,"href":"https:\/\/linitiative.ca\/International\/wp-json\/wp\/v2\/posts\/42444\/revisions"}],"wp:attachment":[{"href":"https:\/\/linitiative.ca\/International\/wp-json\/wp\/v2\/media?parent=42444"}],"wp:term":[{"taxonomy":"category","embeddable":true,"href":"https:\/\/linitiative.ca\/International\/wp-json\/wp\/v2\/categories?post=42444"},{"taxonomy":"post_tag","embeddable":true,"href":"https:\/\/linitiative.ca\/International\/wp-json\/wp\/v2\/tags?post=42444"}],"curies":[{"name":"wp","href":"https:\/\/api.w.org\/{rel}","templated":true}]}}