{"id":42445,"date":"2019-06-24T14:21:43","date_gmt":"2019-06-24T18:21:43","guid":{"rendered":"https:\/\/linitiative.ca\/International\/can-2019-football-la-cote-divoire-reussit-son-entree-face-a-lafrique-du-sud-1-0\/"},"modified":"2019-06-24T14:21:43","modified_gmt":"2019-06-24T18:21:43","slug":"can-2019-football-la-cote-divoire-reussit-son-entree-face-a-lafrique-du-sud-1-0","status":"publish","type":"post","link":"https:\/\/linitiative.ca\/International\/can-2019-football-la-cote-divoire-reussit-son-entree-face-a-lafrique-du-sud-1-0\/","title":{"rendered":"CAN 2019\/Football: la C\u00f4te d\u2019Ivoire r\u00e9ussit son entr\u00e9e face \u00e0 l\u2019Afrique du Sud (1-0)"},"content":{"rendered":"<div readability=\"32\">\n<p>Publi\u00e9 le 24.06.2019 \u00e0 19h21 par APA News<\/p>\n<\/div>\n<div readability=\"99\">\n<p>Les \u00c9l\u00e9phants de C\u00f4te d\u2019Ivoire ont, parfaitement, r\u00e9ussi leur entr\u00e9e en lice dans la Coupe d\u2019Afrique des nations (CAN) de football, lundi au Caire, gr\u00e2ce \u00e0 leur succ\u00e8s 1-0 face \u00e0 l\u2019Afrique du Sud dans le groupe D.Pourtant \u00e0 la mi-temps de cette 6\u00e8 confrontation entre Ivoiriens et Sud-africains, les El\u00e9phants ont \u00e9t\u00e9 tenus en \u00e9chec (0-0). Sous une chaleur caniculaire (34 degr\u00e9s), les deux \u00e9quipes ont pein\u00e9 \u00e0 d\u00e9velopper leur football.<\/p>\n<p>Cependant, les Ivoiriens se sont montr\u00e9s les plus dangereux, notamment par l\u2019interm\u00e9diaire de Nicolas P\u00e9p\u00e9 dont le \u00a0coup-franc a trouv\u00e9 l\u2019\u00e9querre de la barre transversale du gardien de but sud-africain, Rowen Williams (32\u00e8) au grand dam des supporters qui ont pris d\u2019assaut le forum de l\u2019Universit\u00e9 de Cocody o\u00f9 la Radiodiffusion t\u00e9l\u00e9vision ivoirien (RTI, service public) a \u00e9rig\u00e9 un village CAN pour permettre aux \u00e9tudiants de suivre le match sur trois \u00e9crans g\u00e9ants.<\/p>\n<p>\u00ab Ca va arriver! \u00bb, esp\u00e8re Casimir N\u2019dri \u00a0\u00e9tudiant en criminologie qui n\u2019en revient \u00a0pas apr\u00e8s cette occasion rat\u00e9e par Nicolas P\u00e9p\u00e9. \u00ab Ce n\u2019est que partie remise \u00bb, l\u00e2che un autre \u00e9tudiant.<\/p>\n<p>Sa proph\u00e9tie se serait r\u00e9alis\u00e9e si Johnattan Kodjia, seul, face au gardien n\u2019avait pas opt\u00e9 pour un tir en puissance au lieu de pousser le ballon dans les filets de Rowen Williams (38\u00e8) sur une action lumineuse de Nicolas P\u00e9p\u00e9.<\/p>\n<p>Le Directeur g\u00e9n\u00e9ral du Crou (Centre r\u00e9gionales \u0153uvres universitaires), Bl\u00e9 Guirao profite de la pause pour encourager et remercier la RTI qui a \u00aboffert ce village de la CAN aux \u00e9tudiants \u00bb.<\/p>\n<p>\u00ab El\u00e9phants allez! Allez les El\u00e9phants. Nous remercions la RTI pour ce partenariat qui nous permet de suivre la CAN ici. Ce sera ainsi durant toute la campagne jusqu\u2019\u00e0 la victoire finale des El\u00e9phants \u00bb, indique-t-il.<\/p>\n<p>A la reprise, Max Gradel d\u00e9borde sur le c\u00f4t\u00e9 gauche pour mettre sur orbite Jonathan Kodjia dont le plat du pied ne laisse aucune chance au gardien Rowen Williams (1-0; 64\u00e8). C\u2019est l\u2019extase!<\/p>\n<p>Le directeur g\u00e9n\u00e9ral du Crou et ses invit\u00e9s dans la loge officielle se l\u00e8vent comme un sel homme pour saluer le but. Apr\u00e8s quoi, des clameurs saluent l\u2019entr\u00e9e de Wilfried Zaha en lieu et place de Seri Micha\u00ebl (69\u00e8). \u00ab Ils vont prendre un panier de buts \u00bb pr\u00e9dit \u00a0la supportrice des El\u00e9phants, \u00a0Marie Laure Soro, \u00e9tudiante en m\u00e9decine.<\/p>\n<p>A la 88\u00e8, P\u00e9p\u00e9 est fauch\u00e9 \u00e0 la lisi\u00e8re de la surface de r\u00e9paration sud-africaine. \u00ab But ooo but ooo but \u00bb scandent \u00a0les supporters pour encourager le pr\u00e9pos\u00e9 au shoot Nicolas P\u00e9p\u00e9 dont la frappe est sortie du bout des gants par Williams.<\/p>\n<p>\u00ab Ce gardien est fort \u00bb, appr\u00e9cie un invit\u00e9 de la RTI dans la loge officielle quand le coup de sifflet final de l\u2019arbitre alg\u00e9rien Moustapha Ghorbal d\u00e9livre les supporters ivoiriens qui peuvent exulter et danser au son de la fanfare. \u00ab On attend Herv\u00e9 Renard et le Maroc \u00bb, signe M. Bl\u00e9 \u00ab heureux pour cette bonne entr\u00e9e en lice \u00bb.<\/p>\n<p>Classement du groupe D<\/p>\n<p>1 C\u00f4te d\u2019Ivoire \u00a03pts+1<\/p>\n<p>2 Maroc \u00a0 3pts+1<\/p>\n<p>3 Afrique du Sud \u00a0 0pt-1<\/p>\n<p>4 Namibie \u00a0 0pt-1<\/p>\n<p>2\u00e8 journ\u00e9e le 28 juin<\/p>\n<p>Maroc-C\u00f4te d\u2019Ivoire<\/p>\n<p>Afrique du Sud- Namibie<\/p>\n<\/div>\n<p>Auteur: APA News<br \/>\n<a href=\"https:\/\/www.journalducameroun.com\/can-2019-football-la-cote-divoire-reussit-son-entree-face-a-lafrique-du-sud-1-0\/\">Cliquez ici pour lire l&rsquo;article depuis sa source.<\/a><\/p>\n","protected":false},"excerpt":{"rendered":"<p>Publi\u00e9 le 24.06.2019 \u00e0 19h21 par APA News Les \u00c9l\u00e9phants de C\u00f4te d\u2019Ivoire ont, parfaitement, r\u00e9ussi leur entr\u00e9e en lice dans la Coupe d\u2019Afrique des nations (CAN) de football, lundi au Caire, gr\u00e2ce \u00e0 leur succ\u00e8s 1-0 face \u00e0 l\u2019Afrique du Sud dans le groupe D.Pourtant \u00e0 la mi-temps de cette 6\u00e8 confrontation entre Ivoiriens [&hellip;]<\/p>\n","protected":false},"author":1965,"featured_media":0,"comment_status":"closed","ping_status":"closed","sticky":false,"template":"","format":"standard","meta":{"fifu_image_url":"","fifu_image_alt":"","footnotes":""},"categories":[73,82],"tags":[],"class_list":["post-42445","post","type-post","status-publish","format-standard","hentry","category-actualite","category-cameroun"],"_links":{"self":[{"href":"https:\/\/linitiative.ca\/International\/wp-json\/wp\/v2\/posts\/42445","targetHints":{"allow":["GET"]}}],"collection":[{"href":"https:\/\/linitiative.ca\/International\/wp-json\/wp\/v2\/posts"}],"about":[{"href":"https:\/\/linitiative.ca\/International\/wp-json\/wp\/v2\/types\/post"}],"author":[{"embeddable":true,"href":"https:\/\/linitiative.ca\/International\/wp-json\/wp\/v2\/users\/1965"}],"replies":[{"embeddable":true,"href":"https:\/\/linitiative.ca\/International\/wp-json\/wp\/v2\/comments?post=42445"}],"version-history":[{"count":0,"href":"https:\/\/linitiative.ca\/International\/wp-json\/wp\/v2\/posts\/42445\/revisions"}],"wp:attachment":[{"href":"https:\/\/linitiative.ca\/International\/wp-json\/wp\/v2\/media?parent=42445"}],"wp:term":[{"taxonomy":"category","embeddable":true,"href":"https:\/\/linitiative.ca\/International\/wp-json\/wp\/v2\/categories?post=42445"},{"taxonomy":"post_tag","embeddable":true,"href":"https:\/\/linitiative.ca\/International\/wp-json\/wp\/v2\/tags?post=42445"}],"curies":[{"name":"wp","href":"https:\/\/api.w.org\/{rel}","templated":true}]}}