{"id":42446,"date":"2019-06-24T14:50:42","date_gmt":"2019-06-24T18:50:42","guid":{"rendered":"https:\/\/linitiative.ca\/International\/mauritanie-le-candidat-ould-abeid-appelle-au-calme-pour-ne-pas-faire-le-jeu-du-pouvoir\/"},"modified":"2019-06-24T14:50:42","modified_gmt":"2019-06-24T18:50:42","slug":"mauritanie-le-candidat-ould-abeid-appelle-au-calme-pour-ne-pas-faire-le-jeu-du-pouvoir","status":"publish","type":"post","link":"https:\/\/linitiative.ca\/International\/mauritanie-le-candidat-ould-abeid-appelle-au-calme-pour-ne-pas-faire-le-jeu-du-pouvoir\/","title":{"rendered":"Mauritanie: le candidat Ould Abeid appelle au calme pour ne pas faire le jeu  du pouvoir"},"content":{"rendered":"<div readability=\"32\">\n<p>Publi\u00e9 le 24.06.2019 \u00e0 19h50 par AFP<\/p>\n<\/div>\n<div readability=\"99\">\n<p>Le militant antiesclavagiste et d\u00e9put\u00e9 mauritanien Biram Ould Dah Ould Abeid, un des candidats de l\u2019opposition contestant la victoire de l\u2019ancien chef d\u2019\u00e9tat-major \u00e0 l\u2019\u00e9lection pr\u00e9sidentielle, a appel\u00e9 lundi ses partisans \u00e0 s\u2019abstenir de toute violence, d\u00e9non\u00e7ant des \u00ab\u00a0provocations\u00a0\u00bb du pouvoir.<\/p>\n<p>Les quatre opposants en lice dans ce scrutin ont rejet\u00e9 les r\u00e9sultats provisoires accordant la victoire au premier tour au candidat du pouvoir, l\u2019ex-g\u00e9n\u00e9ral Mohamed Cheikh El-Ghazouani. Ils ont annonc\u00e9 leur intention de les contester par tous les moyens l\u00e9gaux et de manifester pacifiquement pour obtenir satisfaction.<\/p>\n<p>\u00ab\u00a0J\u2019appelle tous les Mauritaniens, en particulier ceux qui me suivent, \u00e0 faire preuve de retenue et \u00e0 respecter la loi et la tranquillit\u00e9, ainsi que la s\u00e9curit\u00e9 des personnes et des biens\u00a0\u00bb, a d\u00e9clar\u00e9 M. Ould Abeid lors d\u2019une conf\u00e9rence de presse.<\/p>\n<p>\u00ab\u00a0Notre mobilisation est pacifique et populaire\u00a0\u00bb, a-t-il r\u00e9affirm\u00e9, accusant le pouvoir du pr\u00e9sident sortant Mohamed Ould Abdel Aziz de manoeuvres de \u00ab\u00a0d\u00e9sinformation\u00a0\u00bb visant \u00e0 faire passer une contestation \u00e9lectorale pour une confrontation entre communaut\u00e9s.<\/p>\n<p>Quelques heures avant l\u2019annonce par la Commission nationale \u00e9lectorale ind\u00e9pendante (C\u00e9ni) des r\u00e9sultats de l\u2019ensemble du pays, des heurts ont \u00e9clat\u00e9 entre manifestants et policiers \u00e0 Nouakchott, la capitale, et \u00e0 Nouadhibou (nord-ouest).<\/p>\n<p>La soci\u00e9t\u00e9 mauritanienne est marqu\u00e9e par des disparit\u00e9s persistantes entre communaut\u00e9s arabo-berb\u00e8re, haratine (descendants d\u2019esclaves de ma\u00eetres arabo-berb\u00e8res, dont ils partagent la culture) et afro-mauritanienne, g\u00e9n\u00e9ralement de langue maternelle d\u2019ethnies subsahariennes.<\/p>\n<p>\u00ab\u00a0Nous lan\u00e7ons un appel \u00e0 tous les Mauritaniens, surtout nos militants, \u00e0 se m\u00e9fier de ces provocations des autorit\u00e9s\u00a0\u00bb, a ajout\u00e9 M. Ould Abeid, juste avant de recevoir Mohamed Ibn Chambas, repr\u00e9sentant du secr\u00e9taire g\u00e9n\u00e9ral de l\u2019ONU, Antonio Guterres, pour l\u2019Afrique de l\u2019Ouest et le Sahel.<\/p>\n<p>Ce scrutin doit marquer la premi\u00e8re transition entre deux pr\u00e9sidents \u00e9lus dans ce vaste pays du Sahel secou\u00e9 par de nombreux coups d\u2019Etat de 1978 \u00e0 2008, date du putsch qui a port\u00e9 Mohamed Ould Abdel Aziz au pouvoir, avant son \u00e9lection en 2009. R\u00e9\u00e9lu en 2014, il ne pouvait se repr\u00e9senter apr\u00e8s deux mandats.<\/p>\n<p>Les Mauritaniens ont vot\u00e9 samedi nombreux \u2013 62,66% de participation \u2013 pour d\u00e9signer leur pr\u00e9sident, qui devra pr\u00e9server la stabilit\u00e9 ch\u00e8rement conquise par le pays, mais aussi en assurer le d\u00e9veloppement \u00e9conomique et y faire progresser le respect des droits humains.<\/p>\n<\/div>\n<p>Auteur: AFP<br \/>\n<a href=\"https:\/\/www.journalducameroun.com\/mauritanie-le-candidat-ould-abeid-appelle-au-calme-pour-ne-pas-faire-le-jeu-du-pouvoir\/\">Cliquez ici pour lire l&rsquo;article depuis sa source.<\/a><\/p>\n","protected":false},"excerpt":{"rendered":"<p>Publi\u00e9 le 24.06.2019 \u00e0 19h50 par AFP Le militant antiesclavagiste et d\u00e9put\u00e9 mauritanien Biram Ould Dah Ould Abeid, un des candidats de l\u2019opposition contestant la victoire de l\u2019ancien chef d\u2019\u00e9tat-major \u00e0 l\u2019\u00e9lection pr\u00e9sidentielle, a appel\u00e9 lundi ses partisans \u00e0 s\u2019abstenir de toute violence, d\u00e9non\u00e7ant des \u00ab\u00a0provocations\u00a0\u00bb du pouvoir. Les quatre opposants en lice dans ce [&hellip;]<\/p>\n","protected":false},"author":1965,"featured_media":0,"comment_status":"closed","ping_status":"closed","sticky":false,"template":"","format":"standard","meta":{"fifu_image_url":"","fifu_image_alt":"","footnotes":""},"categories":[73,82],"tags":[],"class_list":["post-42446","post","type-post","status-publish","format-standard","hentry","category-actualite","category-cameroun"],"_links":{"self":[{"href":"https:\/\/linitiative.ca\/International\/wp-json\/wp\/v2\/posts\/42446","targetHints":{"allow":["GET"]}}],"collection":[{"href":"https:\/\/linitiative.ca\/International\/wp-json\/wp\/v2\/posts"}],"about":[{"href":"https:\/\/linitiative.ca\/International\/wp-json\/wp\/v2\/types\/post"}],"author":[{"embeddable":true,"href":"https:\/\/linitiative.ca\/International\/wp-json\/wp\/v2\/users\/1965"}],"replies":[{"embeddable":true,"href":"https:\/\/linitiative.ca\/International\/wp-json\/wp\/v2\/comments?post=42446"}],"version-history":[{"count":0,"href":"https:\/\/linitiative.ca\/International\/wp-json\/wp\/v2\/posts\/42446\/revisions"}],"wp:attachment":[{"href":"https:\/\/linitiative.ca\/International\/wp-json\/wp\/v2\/media?parent=42446"}],"wp:term":[{"taxonomy":"category","embeddable":true,"href":"https:\/\/linitiative.ca\/International\/wp-json\/wp\/v2\/categories?post=42446"},{"taxonomy":"post_tag","embeddable":true,"href":"https:\/\/linitiative.ca\/International\/wp-json\/wp\/v2\/tags?post=42446"}],"curies":[{"name":"wp","href":"https:\/\/api.w.org\/{rel}","templated":true}]}}