{"id":42447,"date":"2019-06-24T15:19:27","date_gmt":"2019-06-24T19:19:27","guid":{"rendered":"https:\/\/linitiative.ca\/International\/niger-lopposition-depose-une-motion-de-censure-contre-le-gouvernement\/"},"modified":"2019-06-24T15:19:27","modified_gmt":"2019-06-24T19:19:27","slug":"niger-lopposition-depose-une-motion-de-censure-contre-le-gouvernement","status":"publish","type":"post","link":"https:\/\/linitiative.ca\/International\/niger-lopposition-depose-une-motion-de-censure-contre-le-gouvernement\/","title":{"rendered":"Niger : l\u2019opposition d\u00e9pose une motion de censure contre le gouvernement"},"content":{"rendered":"<div readability=\"32\">\n<p>Publi\u00e9 le 24.06.2019 \u00e0 20h19 par APA News<\/p>\n<\/div>\n<div readability=\"64\">\n<p>Les 35 d\u00e9put\u00e9s de l\u2019opposition parlementaire nig\u00e9rienne ont d\u00e9pos\u00e9, lundi, une motion de censure contre le gouvernement dirig\u00e9 par le Premier ministre, Brigi Rafini pour, disent-ils, \u00ab r\u00e9prouver la gouvernance catastrophique qui caract\u00e9rise la gestion de la chose publique \u00bb.Dans la lettre de motion adress\u00e9e au Premier ministre et lue \u00e0 l\u2019Assembl\u00e9e ce jour en session ordinaire, ces d\u00e9put\u00e9s appartenant aux groupes parlementaires Lumana, Hankouri et Kiishin Kassa ont d\u00e9cid\u00e9 de saisir cette voie de droit que leur offre la Constitution \u00ab par devoir envers le peuple\u2026 \u00bb<\/p>\n<p>Ils entendent ainsi d\u00e9noncer la mauvaise gouvernance, la politique d\u2019exclusion, la corruption gangreneuse et l\u2019instrumentalisation de la justice par le Gouvernement.<\/p>\n<p>\u00c0 cela, ils ajoutent le b\u00e2illonnement de l\u2019opposition politique, de la presse et de la soci\u00e9t\u00e9 civile, sans compter les violations graves et r\u00e9currentes de la Constitution.<\/p>\n<p>Conform\u00e9ment \u00e0 la constitution et aux dispositions du r\u00e8glement int\u00e9rieur de l\u2019Assembl\u00e9e nationale, cette motion sera examin\u00e9e sous 48 heures.<\/p>\n<p>L\u2019Assembl\u00e9e nationale du Niger compte 171 d\u00e9put\u00e9s, dont les 35 de l\u2019opposition qui ont d\u00e9pos\u00e9 la motion de censure, alors que pour \u00eatre adopt\u00e9, ce texte doit \u00eatre vot\u00e9 par une majorit\u00e9 de 86 voix.<\/p>\n<\/div>\n<p>Auteur: APA News<br \/>\n<a href=\"https:\/\/www.journalducameroun.com\/niger-lopposition-depose-une-motion-de-censure-contre-le-gouvernement\/\">Cliquez ici pour lire l&rsquo;article depuis sa source.<\/a><\/p>\n","protected":false},"excerpt":{"rendered":"<p>Publi\u00e9 le 24.06.2019 \u00e0 20h19 par APA News Les 35 d\u00e9put\u00e9s de l\u2019opposition parlementaire nig\u00e9rienne ont d\u00e9pos\u00e9, lundi, une motion de censure contre le gouvernement dirig\u00e9 par le Premier ministre, Brigi Rafini pour, disent-ils, \u00ab r\u00e9prouver la gouvernance catastrophique qui caract\u00e9rise la gestion de la chose publique \u00bb.Dans la lettre de motion adress\u00e9e au Premier [&hellip;]<\/p>\n","protected":false},"author":1965,"featured_media":0,"comment_status":"closed","ping_status":"closed","sticky":false,"template":"","format":"standard","meta":{"fifu_image_url":"","fifu_image_alt":"","footnotes":""},"categories":[73,82],"tags":[],"class_list":["post-42447","post","type-post","status-publish","format-standard","hentry","category-actualite","category-cameroun"],"_links":{"self":[{"href":"https:\/\/linitiative.ca\/International\/wp-json\/wp\/v2\/posts\/42447","targetHints":{"allow":["GET"]}}],"collection":[{"href":"https:\/\/linitiative.ca\/International\/wp-json\/wp\/v2\/posts"}],"about":[{"href":"https:\/\/linitiative.ca\/International\/wp-json\/wp\/v2\/types\/post"}],"author":[{"embeddable":true,"href":"https:\/\/linitiative.ca\/International\/wp-json\/wp\/v2\/users\/1965"}],"replies":[{"embeddable":true,"href":"https:\/\/linitiative.ca\/International\/wp-json\/wp\/v2\/comments?post=42447"}],"version-history":[{"count":0,"href":"https:\/\/linitiative.ca\/International\/wp-json\/wp\/v2\/posts\/42447\/revisions"}],"wp:attachment":[{"href":"https:\/\/linitiative.ca\/International\/wp-json\/wp\/v2\/media?parent=42447"}],"wp:term":[{"taxonomy":"category","embeddable":true,"href":"https:\/\/linitiative.ca\/International\/wp-json\/wp\/v2\/categories?post=42447"},{"taxonomy":"post_tag","embeddable":true,"href":"https:\/\/linitiative.ca\/International\/wp-json\/wp\/v2\/tags?post=42447"}],"curies":[{"name":"wp","href":"https:\/\/api.w.org\/{rel}","templated":true}]}}