{"id":42448,"date":"2019-06-24T15:20:18","date_gmt":"2019-06-24T19:20:18","guid":{"rendered":"https:\/\/linitiative.ca\/International\/le-roi-mohammed-vi-felicite-le-nouveau-president-mauritanien\/"},"modified":"2019-06-24T15:20:18","modified_gmt":"2019-06-24T19:20:18","slug":"le-roi-mohammed-vi-felicite-le-nouveau-president-mauritanien","status":"publish","type":"post","link":"https:\/\/linitiative.ca\/International\/le-roi-mohammed-vi-felicite-le-nouveau-president-mauritanien\/","title":{"rendered":"Le Roi Mohammed VI f\u00e9licite le nouveau pr\u00e9sident mauritanien"},"content":{"rendered":"<div readability=\"32\">\n<p>Publi\u00e9 le 24.06.2019 \u00e0 20h20 par APA News<\/p>\n<\/div>\n<div readability=\"52\">\n<p>Le Roi Mohammed VI a adress\u00e9 un message de f\u00e9licitations \u00e0 Mohamed Cheikh Mohamed Ahmed El Ghazouany suite \u00e0 son \u00e9lection pr\u00e9sident de la R\u00e9publique islamique de Mauritanie.Dans ce message, le Souverain exprime ses chaleureuses f\u00e9licitations et ses sinc\u00e8res voeux de plein succ\u00e8s \u00e0 Mohamed Cheikh Mohamed Ahmed El Ghazouany dans ses hautes missions.<\/p>\n<p>Le Roi f\u00e9licite \u00e9galement M. El Ghazouany pour la confiance plac\u00e9e en lui par le peuple mauritanien fr\u00e8re, \u00ab en reconnaissance de la sinc\u00e9rit\u00e9 dont vous avez fait preuve pour servir ses int\u00e9r\u00eats et pour votre ferme d\u00e9termination \u00e0 aller de l\u2019avant sur la voie de la r\u00e9alisation du d\u00e9veloppement global, dans le cadre de la s\u00e9curit\u00e9, la qui\u00e9tude et la justice sociale \u00bb.<\/p>\n<p>Le Roi saisit cette occasion pour exprimer sa ferme d\u00e9termination \u00e0 oeuvrer de concert avec M. El Ghazouany pour donner une forte impulsion aux relations de coop\u00e9ration fructueuse unissant le Maroc et la Mauritanie et renforcer les moyens de tirer le meilleur des opportunit\u00e9s et des potentialit\u00e9s dont disposent les deux pays, en cons\u00e9cration des liens de fraternit\u00e9, de solidarit\u00e9 et d\u2019estime mutuelle liant les deux peuples voisins et pour r\u00e9aliser la compl\u00e9mentarit\u00e9, la rapprochement et l\u2019int\u00e9gration auxquels ils aspirent en vue de relever les diff\u00e9rents d\u00e9fis communs.<\/p>\n<\/div>\n<p>Auteur: APA News<br \/>\n<a href=\"https:\/\/www.journalducameroun.com\/le-roi-mohammed-vi-felicite-le-nouveau-president-mauritanien\/\">Cliquez ici pour lire l&rsquo;article depuis sa source.<\/a><\/p>\n","protected":false},"excerpt":{"rendered":"<p>Publi\u00e9 le 24.06.2019 \u00e0 20h20 par APA News Le Roi Mohammed VI a adress\u00e9 un message de f\u00e9licitations \u00e0 Mohamed Cheikh Mohamed Ahmed El Ghazouany suite \u00e0 son \u00e9lection pr\u00e9sident de la R\u00e9publique islamique de Mauritanie.Dans ce message, le Souverain exprime ses chaleureuses f\u00e9licitations et ses sinc\u00e8res voeux de plein succ\u00e8s \u00e0 Mohamed Cheikh Mohamed [&hellip;]<\/p>\n","protected":false},"author":1965,"featured_media":0,"comment_status":"closed","ping_status":"closed","sticky":false,"template":"","format":"standard","meta":{"fifu_image_url":"","fifu_image_alt":"","footnotes":""},"categories":[73,82],"tags":[],"class_list":["post-42448","post","type-post","status-publish","format-standard","hentry","category-actualite","category-cameroun"],"_links":{"self":[{"href":"https:\/\/linitiative.ca\/International\/wp-json\/wp\/v2\/posts\/42448","targetHints":{"allow":["GET"]}}],"collection":[{"href":"https:\/\/linitiative.ca\/International\/wp-json\/wp\/v2\/posts"}],"about":[{"href":"https:\/\/linitiative.ca\/International\/wp-json\/wp\/v2\/types\/post"}],"author":[{"embeddable":true,"href":"https:\/\/linitiative.ca\/International\/wp-json\/wp\/v2\/users\/1965"}],"replies":[{"embeddable":true,"href":"https:\/\/linitiative.ca\/International\/wp-json\/wp\/v2\/comments?post=42448"}],"version-history":[{"count":0,"href":"https:\/\/linitiative.ca\/International\/wp-json\/wp\/v2\/posts\/42448\/revisions"}],"wp:attachment":[{"href":"https:\/\/linitiative.ca\/International\/wp-json\/wp\/v2\/media?parent=42448"}],"wp:term":[{"taxonomy":"category","embeddable":true,"href":"https:\/\/linitiative.ca\/International\/wp-json\/wp\/v2\/categories?post=42448"},{"taxonomy":"post_tag","embeddable":true,"href":"https:\/\/linitiative.ca\/International\/wp-json\/wp\/v2\/tags?post=42448"}],"curies":[{"name":"wp","href":"https:\/\/api.w.org\/{rel}","templated":true}]}}