{"id":42450,"date":"2019-06-24T15:50:53","date_gmt":"2019-06-24T19:50:53","guid":{"rendered":"https:\/\/linitiative.ca\/International\/can-2019-la-tunisie-bousculee-par-langola\/"},"modified":"2019-06-24T15:50:53","modified_gmt":"2019-06-24T19:50:53","slug":"can-2019-la-tunisie-bousculee-par-langola","status":"publish","type":"post","link":"https:\/\/linitiative.ca\/International\/can-2019-la-tunisie-bousculee-par-langola\/","title":{"rendered":"CAN-2019: la Tunisie bouscul\u00e9e par l\u2019Angola"},"content":{"rendered":"<div readability=\"32\">\n<p>Publi\u00e9 le 24.06.2019 \u00e0 20h50 par AFP<\/p>\n<\/div>\n<div readability=\"59\">\n<p>D\u00e9j\u00e0 l\u2019heure du doute pour la Tunisie: l\u2019\u00e9quipe d\u2019Alain Giresse a \u00e9t\u00e9 tenue en \u00e9chec (1-1) lundi par l\u2019Angola pour son entr\u00e9e dans la Coupe d\u2019Afrique des nations.<\/p>\n<p>Les Aigles de Carthage croyaient pourtant avoir fait le plus dur en ouvrant le score d\u00e8s la 34e minute sur un penalty victorieux de leur capitaine Youssef Msakni. Mais, laissant trop souvent le contr\u00f4le du jeu aux Angolais, ils ont finalement vu revenir les \u00ab\u00a0Palancas Negras\u00a0\u00bb sur un but de Djalma (73e).Pour leur retour dans la CAN apr\u00e8s deux \u00e9ditions manqu\u00e9es, les Angolais ont su jouer cr\u00e2nement leur chance pour d\u00e9crocher le point du nul dans un groupe E o\u00f9 figurent \u00e9galement le Mali et la Mauritanie.<\/p>\n<p>Les Tunisiens, qui partaient pourtant favoris, se sont au contraire montr\u00e9s trop souvent passifs apr\u00e8s la faute dans la surface sur le Dijonnais Na\u00efm Sliti, convertie par Msakni.<\/p>\n<p>Ils devront se ressaisir lors de leur prochain match face aux Aigles maliens, l\u2019ancien s\u00e9lection de Giresse, d\u00e8s vendredi s\u2019ils veulent r\u00e9ussir \u00e0 passer au second tour, eux dont l\u2019objectif affich\u00e9 est de d\u00e9passer enfin le cap des quarts de finale qui leur est fatal depuis leur sacre de 2004.<\/p>\n<p>Tunisiens et Angolais prennent provisoirement la t\u00eate du groupe E, en attendant le match entre le Mali et la Mauritanie ce lundi soir (22H00).<\/p>\n<\/div>\n<p>Auteur: AFP<br \/>\n<a href=\"https:\/\/www.journalducameroun.com\/can-2019-la-tunisie-bousculee-par-langola\/\">Cliquez ici pour lire l&rsquo;article depuis sa source.<\/a><\/p>\n","protected":false},"excerpt":{"rendered":"<p>Publi\u00e9 le 24.06.2019 \u00e0 20h50 par AFP D\u00e9j\u00e0 l\u2019heure du doute pour la Tunisie: l\u2019\u00e9quipe d\u2019Alain Giresse a \u00e9t\u00e9 tenue en \u00e9chec (1-1) lundi par l\u2019Angola pour son entr\u00e9e dans la Coupe d\u2019Afrique des nations. Les Aigles de Carthage croyaient pourtant avoir fait le plus dur en ouvrant le score d\u00e8s la 34e minute sur [&hellip;]<\/p>\n","protected":false},"author":1965,"featured_media":0,"comment_status":"closed","ping_status":"closed","sticky":false,"template":"","format":"standard","meta":{"fifu_image_url":"","fifu_image_alt":"","footnotes":""},"categories":[73,82],"tags":[],"class_list":["post-42450","post","type-post","status-publish","format-standard","hentry","category-actualite","category-cameroun"],"_links":{"self":[{"href":"https:\/\/linitiative.ca\/International\/wp-json\/wp\/v2\/posts\/42450","targetHints":{"allow":["GET"]}}],"collection":[{"href":"https:\/\/linitiative.ca\/International\/wp-json\/wp\/v2\/posts"}],"about":[{"href":"https:\/\/linitiative.ca\/International\/wp-json\/wp\/v2\/types\/post"}],"author":[{"embeddable":true,"href":"https:\/\/linitiative.ca\/International\/wp-json\/wp\/v2\/users\/1965"}],"replies":[{"embeddable":true,"href":"https:\/\/linitiative.ca\/International\/wp-json\/wp\/v2\/comments?post=42450"}],"version-history":[{"count":0,"href":"https:\/\/linitiative.ca\/International\/wp-json\/wp\/v2\/posts\/42450\/revisions"}],"wp:attachment":[{"href":"https:\/\/linitiative.ca\/International\/wp-json\/wp\/v2\/media?parent=42450"}],"wp:term":[{"taxonomy":"category","embeddable":true,"href":"https:\/\/linitiative.ca\/International\/wp-json\/wp\/v2\/categories?post=42450"},{"taxonomy":"post_tag","embeddable":true,"href":"https:\/\/linitiative.ca\/International\/wp-json\/wp\/v2\/tags?post=42450"}],"curies":[{"name":"wp","href":"https:\/\/api.w.org\/{rel}","templated":true}]}}