{"id":42451,"date":"2019-06-24T16:18:04","date_gmt":"2019-06-24T20:18:04","guid":{"rendered":"https:\/\/linitiative.ca\/International\/can-joel-tagueu-quitte-les-lions-indomptables-pour-anomalie-cardiaque-medecin\/"},"modified":"2019-06-24T16:18:04","modified_gmt":"2019-06-24T20:18:04","slug":"can-joel-tagueu-quitte-les-lions-indomptables-pour-anomalie-cardiaque-medecin","status":"publish","type":"post","link":"https:\/\/linitiative.ca\/International\/can-joel-tagueu-quitte-les-lions-indomptables-pour-anomalie-cardiaque-medecin\/","title":{"rendered":"Can : Jo\u00ebl Tagueu quitte les \u00abLions indomptables\u00bb pour anomalie cardiaque (m\u00e9decin)"},"content":{"rendered":"<div readability=\"32\">\n<p>Publi\u00e9 le 24.06.2019 \u00e0 21h18 par APA News<\/p>\n<\/div>\n<div readability=\"53\">\n<p>Le m\u00e9decin de la s\u00e9lection camerounaise de football, William Ngatchou a d\u00e9cid\u00e9, lundi \u00e0 Ismailia (\u00c9gypte) o\u00f9 les \u00abLions indomptables\u00bb disputent d\u00e8s le lendemain leur premier match de la 32\u00e8me Coupe d\u2019Afrique des nations (Can), d\u2019\u00e9carter du groupe l\u2019attaquant Jo\u00ebl Tagueu sur qui il a d\u00e9tect\u00e9 une anomalie d\u2019implantation d\u2019une art\u00e8re coronaire, selon un communiqu\u00e9 de la f\u00e9d\u00e9ration nationale de la discipline (Fecafoot).Selon le praticien, le cas du soci\u00e9taire de Martitimo Funchal (Portugal), d\u00e9j\u00e0 suspect\u00e9 lors du stage bloqu\u00e9 au Qatar, constitue \u00abun risque av\u00e9r\u00e9 de mort subite\u00bb \u00e0 24 heures du premier match du Cameroun contre la Guin\u00e9e-Bissau.<\/p>\n<p>L\u2019instance f\u00e9d\u00e9rale, qui a par ailleurs introduit un recours aupr\u00e8s de la Conf\u00e9d\u00e9ration africaine de football (Caf) en vue du remplacement de l\u2019athl\u00e8te de 26 ans, a indiqu\u00e9 s\u2019associer \u00e0 la vie \u00e9motion qui a ainsi \u00e9treint la tani\u00e8re au moment de l\u2019annonce de la mauvaise nouvelle et exprim\u00e9 au concern\u00e9 et au groupe sa solidarit\u00e9.<\/p>\n<p>On rappelle que les \u00abLions indomptables\u00bb sont log\u00e9s dans le groupe F de la Can 2019 avec le B\u00e9nin, le Ghana et leur adversaire imm\u00e9diat.<\/p>\n<\/div>\n<p>Auteur: APA News<br \/>\n<a href=\"https:\/\/www.journalducameroun.com\/can-joel-tagueu-quitte-les-lions-indomptables-pour-anomalie-cardiaque-medecin\/\">Cliquez ici pour lire l&rsquo;article depuis sa source.<\/a><\/p>\n","protected":false},"excerpt":{"rendered":"<p>Publi\u00e9 le 24.06.2019 \u00e0 21h18 par APA News Le m\u00e9decin de la s\u00e9lection camerounaise de football, William Ngatchou a d\u00e9cid\u00e9, lundi \u00e0 Ismailia (\u00c9gypte) o\u00f9 les \u00abLions indomptables\u00bb disputent d\u00e8s le lendemain leur premier match de la 32\u00e8me Coupe d\u2019Afrique des nations (Can), d\u2019\u00e9carter du groupe l\u2019attaquant Jo\u00ebl Tagueu sur qui il a d\u00e9tect\u00e9 une [&hellip;]<\/p>\n","protected":false},"author":1965,"featured_media":0,"comment_status":"closed","ping_status":"closed","sticky":false,"template":"","format":"standard","meta":{"fifu_image_url":"","fifu_image_alt":"","footnotes":""},"categories":[73,82],"tags":[],"class_list":["post-42451","post","type-post","status-publish","format-standard","hentry","category-actualite","category-cameroun"],"_links":{"self":[{"href":"https:\/\/linitiative.ca\/International\/wp-json\/wp\/v2\/posts\/42451","targetHints":{"allow":["GET"]}}],"collection":[{"href":"https:\/\/linitiative.ca\/International\/wp-json\/wp\/v2\/posts"}],"about":[{"href":"https:\/\/linitiative.ca\/International\/wp-json\/wp\/v2\/types\/post"}],"author":[{"embeddable":true,"href":"https:\/\/linitiative.ca\/International\/wp-json\/wp\/v2\/users\/1965"}],"replies":[{"embeddable":true,"href":"https:\/\/linitiative.ca\/International\/wp-json\/wp\/v2\/comments?post=42451"}],"version-history":[{"count":0,"href":"https:\/\/linitiative.ca\/International\/wp-json\/wp\/v2\/posts\/42451\/revisions"}],"wp:attachment":[{"href":"https:\/\/linitiative.ca\/International\/wp-json\/wp\/v2\/media?parent=42451"}],"wp:term":[{"taxonomy":"category","embeddable":true,"href":"https:\/\/linitiative.ca\/International\/wp-json\/wp\/v2\/categories?post=42451"},{"taxonomy":"post_tag","embeddable":true,"href":"https:\/\/linitiative.ca\/International\/wp-json\/wp\/v2\/tags?post=42451"}],"curies":[{"name":"wp","href":"https:\/\/api.w.org\/{rel}","templated":true}]}}