{"id":42452,"date":"2019-06-24T16:18:06","date_gmt":"2019-06-24T20:18:06","guid":{"rendered":"https:\/\/linitiative.ca\/International\/presidentielle-mauritanienne-mise-en-garde-du-gouvernement-contre-les-manifestants\/"},"modified":"2019-06-24T16:18:06","modified_gmt":"2019-06-24T20:18:06","slug":"presidentielle-mauritanienne-mise-en-garde-du-gouvernement-contre-les-manifestants","status":"publish","type":"post","link":"https:\/\/linitiative.ca\/International\/presidentielle-mauritanienne-mise-en-garde-du-gouvernement-contre-les-manifestants\/","title":{"rendered":"Pr\u00e9sidentielle mauritanienne : mise en garde du gouvernement contre les manifestants"},"content":{"rendered":"<div readability=\"32\">\n<p>Publi\u00e9 le 24.06.2019 \u00e0 21h18 par APA News<\/p>\n<\/div>\n<div readability=\"64\">\n<p>Le minist\u00e8re de l\u2019Int\u00e9rieur et de la D\u00e9centralisation a mis en garde, lundi dans un communiqu\u00e9, contre toute manifestation non autoris\u00e9e, au lendemain de la proclamation des r\u00e9sultats officiels de l\u2019\u00e9lection pr\u00e9sidentielle contest\u00e9s par quatre candidats.\u00ab Tout regroupement non autoris\u00e9 rend ses organisateurs responsables des cons\u00e9quences qui en d\u00e9coulent en mati\u00e8re d\u2019atteinte \u00e0 l\u2019ordre public et les expose aux sanctions pr\u00e9vues par les lois en vigueur dans ce domaine \u00bb, a pr\u00e9venu le minist\u00e8re.<\/p>\n<p>Pendant ce temps, les quatre candidats malheureux \u00e0 la pr\u00e9sidentielle du 22 juin 2019, \u00e0 savoir Sidi Mohamed Boubacar Boussalev, Birama Dah Abeid, Kane Hamidou Baba et Mohamed Sidi Maouloud, ont report\u00e9 une marche qu\u2019ils comptaient organiser ce soir pour protester contre les r\u00e9sultats proclam\u00e9s par la Commission \u00e9lectorale nationale et ind\u00e9pendante (CENI).<\/p>\n<p>Ces r\u00e9sultats ont donn\u00e9 vainqueur d\u00e8s le premier tour le candidat de la majorit\u00e9, Mohamed Cheikh Mohamed Ahmed Ghazouany avec 52,1% des voix.<\/p>\n<p>Le report \u00e0 jeudi prochain de la manifestation de l\u2019opposition est justifi\u00e9 par la volont\u00e9 de la pr\u00e9parer minutieusement.<\/p>\n<p>Nouakchott et Nouadhibou, les deux plus grandes villes de Mauritanie, ont connu samedi et dimanche des manifestations \u00e9maill\u00e9es de l\u00e9g\u00e8res \u00e9meutes et accompagn\u00e9es de slogans rejetant les r\u00e9sultats annonc\u00e9s par la CENI, accus\u00e9e de falsification au b\u00e9n\u00e9fice du \u00ab candidat du pouvoir \u00bb.<\/p>\n<\/div>\n<p>Auteur: APA News<br \/>\n<a href=\"https:\/\/www.journalducameroun.com\/presidentielle-mauritanienne-mise-en-garde-du-gouvernement-contre-les-manifestants\/\">Cliquez ici pour lire l&rsquo;article depuis sa source.<\/a><\/p>\n","protected":false},"excerpt":{"rendered":"<p>Publi\u00e9 le 24.06.2019 \u00e0 21h18 par APA News Le minist\u00e8re de l\u2019Int\u00e9rieur et de la D\u00e9centralisation a mis en garde, lundi dans un communiqu\u00e9, contre toute manifestation non autoris\u00e9e, au lendemain de la proclamation des r\u00e9sultats officiels de l\u2019\u00e9lection pr\u00e9sidentielle contest\u00e9s par quatre candidats.\u00ab Tout regroupement non autoris\u00e9 rend ses organisateurs responsables des cons\u00e9quences qui [&hellip;]<\/p>\n","protected":false},"author":1965,"featured_media":0,"comment_status":"closed","ping_status":"closed","sticky":false,"template":"","format":"standard","meta":{"fifu_image_url":"","fifu_image_alt":"","footnotes":""},"categories":[73,82],"tags":[],"class_list":["post-42452","post","type-post","status-publish","format-standard","hentry","category-actualite","category-cameroun"],"_links":{"self":[{"href":"https:\/\/linitiative.ca\/International\/wp-json\/wp\/v2\/posts\/42452","targetHints":{"allow":["GET"]}}],"collection":[{"href":"https:\/\/linitiative.ca\/International\/wp-json\/wp\/v2\/posts"}],"about":[{"href":"https:\/\/linitiative.ca\/International\/wp-json\/wp\/v2\/types\/post"}],"author":[{"embeddable":true,"href":"https:\/\/linitiative.ca\/International\/wp-json\/wp\/v2\/users\/1965"}],"replies":[{"embeddable":true,"href":"https:\/\/linitiative.ca\/International\/wp-json\/wp\/v2\/comments?post=42452"}],"version-history":[{"count":0,"href":"https:\/\/linitiative.ca\/International\/wp-json\/wp\/v2\/posts\/42452\/revisions"}],"wp:attachment":[{"href":"https:\/\/linitiative.ca\/International\/wp-json\/wp\/v2\/media?parent=42452"}],"wp:term":[{"taxonomy":"category","embeddable":true,"href":"https:\/\/linitiative.ca\/International\/wp-json\/wp\/v2\/categories?post=42452"},{"taxonomy":"post_tag","embeddable":true,"href":"https:\/\/linitiative.ca\/International\/wp-json\/wp\/v2\/tags?post=42452"}],"curies":[{"name":"wp","href":"https:\/\/api.w.org\/{rel}","templated":true}]}}