{"id":42471,"date":"2019-06-24T12:13:46","date_gmt":"2019-06-24T16:13:46","guid":{"rendered":"https:\/\/linitiative.ca\/International\/le-delai-des-branchements-a-eneo-passe-de-18-jours-en-2018-a-4-en-2019\/"},"modified":"2019-06-24T12:13:46","modified_gmt":"2019-06-24T16:13:46","slug":"le-delai-des-branchements-a-eneo-passe-de-18-jours-en-2018-a-4-en-2019","status":"publish","type":"post","link":"https:\/\/linitiative.ca\/International\/le-delai-des-branchements-a-eneo-passe-de-18-jours-en-2018-a-4-en-2019\/","title":{"rendered":"Le d\u00e9lai des branchements \u00e0 Eneo passe de 18 jours en 2018 \u00e0 4 en 2019"},"content":{"rendered":"<div class=\"featured-area featured-area-inner\"><img loading=\"lazy\" decoding=\"async\" width=\"780\" height=\"405\" src=\"https:\/\/i0.wp.com\/ecomatin.net\/wp-content\/uploads\/2019\/06\/ecomatin.net-le-delai-des-branchements-a-eneo-passe-de-18-jours-en-2018-a-4-en-2019-eneo-2019.jpg?resize=780%2C405&#038;ssl=1&#038;is-pending-load=1\" class=\"attachment-jannah-image-post size-jannah-image-post wp-post-image jetpack-lazy-image\" alt=\"\" data-attachment-id=\"9278\" data-permalink=\"https:\/\/ecomatin.net\/le-delai-des-branchements-a-eneo-passe-de-18-jours-en-2018-a-4-en-2019\/eneo-2019\/\" data-orig-file=\"https:\/\/i0.wp.com\/ecomatin.net\/wp-content\/uploads\/2019\/06\/ecomatin.net-le-delai-des-branchements-a-eneo-passe-de-18-jours-en-2018-a-4-en-2019-eneo-2019.jpg?fit=800%2C533&#038;ssl=1\" data-orig-size=\"800,533\" data-comments-opened=\"0\" data-image-meta=\"{\"aperture\":\"0\",\"credit\":\"\",\"camera\":\"\",\"caption\":\"\",\"created_timestamp\":\"0\",\"copyright\":\"\",\"focal_length\":\"0\",\"iso\":\"0\",\"shutter_speed\":\"0\",\"title\":\"\",\"orientation\":\"0\"}\" data-image-title=\"Eneo 2019\" data-image-description=\"\" data-medium-file=\"https:\/\/i0.wp.com\/ecomatin.net\/wp-content\/uploads\/2019\/06\/ecomatin.net-le-delai-des-branchements-a-eneo-passe-de-18-jours-en-2018-a-4-en-2019-eneo-2019.jpg?fit=300%2C200&#038;ssl=1\" data-large-file=\"https:\/\/i0.wp.com\/ecomatin.net\/wp-content\/uploads\/2019\/06\/ecomatin.net-le-delai-des-branchements-a-eneo-passe-de-18-jours-en-2018-a-4-en-2019-eneo-2019.jpg?fit=800%2C533&#038;ssl=1\" srcset=\"data:image\/gif;base64,R0lGODlhAQABAIAAAAAAAP\/\/\/yH5BAEAAAAALAAAAAABAAEAAAIBRAA7\"\/><\/div>\n<div class=\"entry-content entry clearfix\" readability=\"69\">\n<p>En fin avril 2019, <strong>Eneo Cameroon SA<\/strong>, le concessionnaire du secteur de l\u2019\u00e9lectricit\u00e9 au Cameroun, comptabilise <strong>29\u2009487 nouveaux branchements<\/strong> r\u00e9alis\u00e9s au total, soit une augmentation de <strong>27,4 %<\/strong> par rapport \u00e0 la m\u00eame p\u00e9riode en 2018. Dans le m\u00eame registre, Eneo d\u00e9nombre 1<strong>\u2009288 000 clients<\/strong> en croissance de <strong>6,6 %<\/strong> par rapport \u00e0 2018. L\u2019entreprise confesse \u00e9galement qu\u2019elle a r\u00e9alis\u00e9 <strong>89%<\/strong> de branchements dans les d\u00e9lais r\u00e9glementaires. Soit une hausse de <strong>15,7 %<\/strong> par rapport \u00e0 la m\u00eame p\u00e9riode en 2018. Elle a \u00e9galement r\u00e9duit ses d\u00e9lais de branchements.\u00a0\u00bb <em>Ils sont pass\u00e9s de 18 jours en 2018 \u00e0 4 jours en 2019. En zone urbaine, de 11 jours en 2018 \u00e0 3 jours aujourd\u2019hui\u2009; en zone rurale, de 29 jours en 2018 \u00e0 14 jours\u2009<\/em>\u00bb, se f\u00e9licite l\u2019\u00e9lectricien. Mais Eneo confesse qu\u2019au plan global, l\u2019on a enregistr\u00e9 une d\u00e9t\u00e9rioration de la qualit\u00e9 de l\u2019\u00e9nergie servie aux usagers au cours des derniers mois. Certes, les travaux sur le r\u00e9seau ont \u00e9t\u00e9 intensifi\u00e9s, mais l\u2019entreprise note une augmentation des microcoupures d\u2019\u00e9nergie (moins d\u2019une heure), avec une moyenne de plus de deux microcoupures chaque jour.<\/p>\n<p>Sur le plan technique, la filiale d\u2019<strong>Actis<\/strong> dit avoir r\u00e9duit le taux de mortalit\u00e9 de <strong>50%<\/strong> et <strong>64%<\/strong> respectivement pour les d\u00e9c\u00e8s et les bless\u00e9s par rapport \u00e0 2018. En termes de production d\u2019\u00e9nergies non distribu\u00e9es, l\u2019entreprise se f\u00e9licite de l\u2019am\u00e9lioration due surtout \u00e0 une r\u00e9duction des d\u00e9lestages pour insuffisances de carburant dans la centrale thermique de Bertoua. En distribution, on note une hausse sensible du nombre d\u2019incidents en avril due \u00e0 la pourriture et \u00e0 la v\u00e9g\u00e9tation des performances sur les quatre premiers mois, avec une baisse globale de <strong>29%<\/strong> par rapport \u00e0 2018.<\/p>\n<p>Cette compagnie de production et de distribution de l\u2019\u00e9nergie \u00e9lectrique r\u00e9v\u00e8le par ailleurs que plus de 150 localit\u00e9s camerounaises n\u2019\u00e9taient pas approvisionn\u00e9es en \u00e9lectricit\u00e9 \u00e0 fin avril 2019. Cinquante et une de ces localit\u00e9s se trouvent dans la r\u00e9gion de l\u2019Ouest du pays. \u00ab<em>De mani\u00e8re g\u00e9n\u00e9rale, les d\u00e9lais de reprise se sont rallong\u00e9s pour les raisons suivantes : les difficult\u00e9s d\u2019acc\u00e8s dans le Centre, la Sanaga maritime, l\u2019Oc\u00e9an et l\u2019Est\u2009; la situation s\u00e9curitaire dans le Sud-Ouest, le Nord-Ouest et le Grand Nord\u2009; les difficult\u00e9s d\u2019approvisionnement en poteaux bois\u2009; les difficult\u00e9s de disposer de devises pour payer les fournisseurs \u00e0 l\u2019\u00e9tranger<\/em>\u2009\u00bb, explique Eneo.<\/p>\n<div class=\"about-author about-author-box container-wrapper\">\n<div class=\"author-avatar\">\n<p><img decoding=\"async\" src=\"http:\/\/\" alt=\"\"\/><\/p>\n<\/div>\n<p><h4>La R\u00e9daction EcoMatin<\/h4>\n<\/p>\n<\/div>\n<div class=\"awac-wrapper awac widget blog_subscription-2\">\n<h4 class=\"widget-title\">Abonnez-vous \u00e0 notre lettre d&rsquo;information<\/h4>\n<\/div>\n<\/div>\n<div class=\"toggle-post-content clearfix\"><a id=\"toggle-post-button\" class=\"button\" href=\"#\">Afficher plus <\/a><\/div>\n<p>Auteur: EcoMatin<br \/>\n<a href=\"https:\/\/ecomatin.net\/le-delai-des-branchements-a-eneo-passe-de-18-jours-en-2018-a-4-en-2019\/\">Cliquez ici pour lire l&rsquo;article depuis sa source.<\/a><\/p>\n","protected":false},"excerpt":{"rendered":"<p>En fin avril 2019, Eneo Cameroon SA, le concessionnaire du secteur de l\u2019\u00e9lectricit\u00e9 au Cameroun, comptabilise 29\u2009487 nouveaux branchements r\u00e9alis\u00e9s au total, soit une augmentation de 27,4 % par rapport \u00e0 la m\u00eame p\u00e9riode en 2018. Dans le m\u00eame registre, Eneo d\u00e9nombre 1\u2009288 000 clients en croissance de 6,6 % par rapport \u00e0 2018. L\u2019entreprise [&hellip;]<\/p>\n","protected":false},"author":1969,"featured_media":0,"comment_status":"closed","ping_status":"closed","sticky":false,"template":"","format":"standard","meta":{"fifu_image_url":"","fifu_image_alt":"","footnotes":""},"categories":[82,78],"tags":[],"class_list":["post-42471","post","type-post","status-publish","format-standard","hentry","category-cameroun","category-economie"],"_links":{"self":[{"href":"https:\/\/linitiative.ca\/International\/wp-json\/wp\/v2\/posts\/42471","targetHints":{"allow":["GET"]}}],"collection":[{"href":"https:\/\/linitiative.ca\/International\/wp-json\/wp\/v2\/posts"}],"about":[{"href":"https:\/\/linitiative.ca\/International\/wp-json\/wp\/v2\/types\/post"}],"author":[{"embeddable":true,"href":"https:\/\/linitiative.ca\/International\/wp-json\/wp\/v2\/users\/1969"}],"replies":[{"embeddable":true,"href":"https:\/\/linitiative.ca\/International\/wp-json\/wp\/v2\/comments?post=42471"}],"version-history":[{"count":0,"href":"https:\/\/linitiative.ca\/International\/wp-json\/wp\/v2\/posts\/42471\/revisions"}],"wp:attachment":[{"href":"https:\/\/linitiative.ca\/International\/wp-json\/wp\/v2\/media?parent=42471"}],"wp:term":[{"taxonomy":"category","embeddable":true,"href":"https:\/\/linitiative.ca\/International\/wp-json\/wp\/v2\/categories?post=42471"},{"taxonomy":"post_tag","embeddable":true,"href":"https:\/\/linitiative.ca\/International\/wp-json\/wp\/v2\/tags?post=42471"}],"curies":[{"name":"wp","href":"https:\/\/api.w.org\/{rel}","templated":true}]}}