{"id":42473,"date":"2019-06-25T07:04:00","date_gmt":"2019-06-25T11:04:00","guid":{"rendered":"https:\/\/linitiative.ca\/International\/quelle-distance-entre-le-soleil-et-la-terre-un-spectacle-exclusivement-dedie-au-palais-el-glaoui-a-fes\/"},"modified":"2019-06-25T07:04:00","modified_gmt":"2019-06-25T11:04:00","slug":"quelle-distance-entre-le-soleil-et-la-terre-un-spectacle-exclusivement-dedie-au-palais-el-glaoui-a-fes","status":"publish","type":"post","link":"https:\/\/linitiative.ca\/International\/quelle-distance-entre-le-soleil-et-la-terre-un-spectacle-exclusivement-dedie-au-palais-el-glaoui-a-fes\/","title":{"rendered":"\u00abQuelle distance entre le soleil et la terre ?\u00bb : Un spectacle exclusivement d\u00e9di\u00e9 au Palais El Glaoui \u00e0 F\u00e8s"},"content":{"rendered":"<p><img decoding=\"async\" class=\"post_layout_5_img\" src=\"http:\/\/aujourdhui.ma\/wp-content\/uploads\/2019\/06\/Fe%CC%80s-Palais-El-Glaoui-spectacle-Quelle-distance-entre-le-soleil-et-la-terre-.jpg?x29840\" alt=\"\u00abQuelle distance entre le soleil et la terre ?\u00bb : Un spectacle exclusivement d\u00e9di\u00e9 au Palais El Glaoui \u00e0 F\u00e8s\"\/><\/p>\n<p class=\"p1\"><span class=\"s1\"><span class=\"c4\"><strong>A l\u2019arriv\u00e9e, vendredi dernier \u00e0 18h55 au Palais El Glaoui au fin fond de la m\u00e9dina de F\u00e8s, une metteuse en sc\u00e8ne expliquait, dans un accent allemand, le d\u00e9roulement du spectacle \u00abQuelle distance entre le soleil et la terre ?\u00bb.<\/strong><\/span><\/span><span id=\"more-313609\"\/><\/p>\n<p class=\"p1\"><span class=\"s1\"><a href=\"http:\/\/aujourdhui.ma\/wp-content\/uploads\/2019\/06\/Fe%CC%80s-Palais-El-Glaoui-spectacle-Quelle-distance-entre-le-soleil-et-la-terre.jpg?x29840\"><img loading=\"lazy\" decoding=\"async\" class=\"size-full wp-image-313612 alignleft\" src=\"http:\/\/aujourdhui.ma\/wp-content\/uploads\/2019\/06\/Fe%CC%80s-Palais-El-Glaoui-spectacle-Quelle-distance-entre-le-soleil-et-la-terre.jpg?x29840\" alt=\"\" width=\"279\" height=\"622\" srcset=\"http:\/\/aujourdhui.ma\/wp-content\/uploads\/2019\/06\/Fe\u0300s-Palais-El-Glaoui-spectacle-Quelle-distance-entre-le-soleil-et-la-terre.jpg 279w, http:\/\/aujourdhui.ma\/wp-content\/uploads\/2019\/06\/Fe\u0300s-Palais-El-Glaoui-spectacle-Quelle-distance-entre-le-soleil-et-la-terre-135x300.jpg 135w\" sizes=\"auto, (max-width: 279px) 100vw, 279px\"\/><\/a>Un vieil homme en tenue traditionnelle accueillait, \u00e0 19h tapante, le public. D\u00e8s l\u2019acc\u00e8s au palais, de jeunes com\u00e9diens immobilis\u00e9s dans les recoins de l\u2019entr\u00e9e se d\u00e9pla\u00e7aient parmi les spectateurs. Histoire de familiarisation.<\/span><\/p>\n<p class=\"p3\"><span class=\"s1\"><strong>Des enfants associ\u00e9s \u00e0 la partie<\/strong><\/span><\/p>\n<p class=\"p1\"><span class=\"s1\">Quelques instants apr\u00e8s, un grillage s\u2019ouvre sur un jardin o\u00f9 des enfants, fermant les yeux et dont la t\u00eate \u00e9tait garnie de couronnes en laine, attendaient. Quand le public, majoritairement \u00e9tranger, se r\u00e9partit sur un passage, il se met \u00e0 chanter des chansons en arabe classique dont \u00abLamma bada yatatanna\u00bb. Entre-temps, la metteuse en sc\u00e8ne, Christina Friedrich, veille strictement \u00e0 l\u2019interdiction de prise de photos. Apr\u00e8s quoi, les spectateurs sont conduits vers un grand patio pour qu\u2019une com\u00e9dienne commence sa performance.<\/span><\/p>\n<p class=\"p3\"><span class=\"s1\"><strong>Un show th\u00e9\u00e2tral<\/strong><\/span><\/p>\n<p class=\"p1\"><span class=\"s1\">La jeune artiste tapote sur des portes avant qu\u2019une ne s\u2019ouvre sur un grand salon marocain o\u00f9 des places assises sont \u00e0 m\u00eame le sol. Le public y assiste \u00e0 un show th\u00e9\u00e2tral, en arabe classique, parlant d\u2019apocalypse et de sujets divers dans un langage philosophique et spirituel \u00e0 la fois. <em>\u00abNous travaillons sur les questions de r\u00eave, d\u2019\u00e2me, d\u2019amour, de mort, d\u2019univers, de nature et de cosmos. Nous cr\u00e9ons, ensemble, un univers entre r\u00eave et r\u00e9alit\u00e9\u00bb<\/em>, pr\u00e9cise Mme Friedrich en compagnie d\u2019autres artistes.<span class=\"Apple-converted-space\">\u00a0<\/span> A propos du choix de la langue, elle indique : <em>\u00abNous utilisons notre langue comme instrument. Chaque homme peut sentir les langues avec son c\u0153ur. C\u2019est une musique sans instrument\u00bb.<\/em> Quand ce spectacle prend fin, les spectateurs reviennent vers le patio o\u00f9 une autre jeune com\u00e9dienne interpr\u00e8te le r\u00f4le d\u2019une d\u00e9sesp\u00e9r\u00e9e en qu\u00eate de soi et\u2026 d\u2019eau.<\/span><\/p>\n<p class=\"p3\"><span class=\"s1\"><strong>Vir\u00e9e dans d\u2019autres pi\u00e8ces du palais<\/strong><\/span><\/p>\n<p class=\"p1\"><span class=\"s1\">La jeune artiste finit par s\u2019emparer d\u2019une jarre plac\u00e9e sur une fontaine dans un \u00e9tat de salet\u00e9 assez remarquable. Un r\u00e9cipient qu\u2019elle prend avec elle jusqu\u2019\u00e0 la cuisine du palais o\u00f9 les spectateurs sont achemin\u00e9s. Pour installer les visiteurs, la metteuse en sc\u00e8ne \u0153uvre selon le principe des \u00abfemmes d\u2019abord\u00bb.<\/span><\/p>\n<p class=\"p1\"><span class=\"s1\">Ils y assistent \u00e0 un nouveau personnage, celui d\u2019une bonne manipulant la farine dont elle met un bout sur le visage. Une mani\u00e8re de se plaindre de sa situation sociale, de sa condition de travail marqu\u00e9e par un vide dans un tel endroit. Par la suite, les spectateurs sont amen\u00e9s vers un autre grand patio pour voir une partie diff\u00e9rente du spectacle.<\/span><\/p>\n<p class=\"p3\"><span class=\"s1\"><strong>Un clap de fin en musique<\/strong><\/span><\/p>\n<p class=\"p1\"><span class=\"s1\">Dans cette pi\u00e8ce, le public a eu droit \u00e0 une nouvelle partie de chant interpr\u00e9t\u00e9e cette fois-ci par des jeunes avant de c\u00e9der la place \u00e0 une musique contemporaine qu\u2019ils accompagnent d\u2019une chor\u00e9graphie exprimant la r\u00e9bellion. Une mani\u00e8re de se r\u00e9volter contre leur v\u00e9cu et s\u2019exprimer sur leur besoin d\u2019\u00eatre \u00e9cout\u00e9s. Un spectacle \u00e9galement appr\u00e9ci\u00e9 par les Marocains pr\u00e9sents sur place. Une dame s\u2019est d\u2019ailleurs lanc\u00e9e en youyous \u00e0 la fin.<\/span><\/p>\n<p class=\"p1\"><span class=\"s1\">De son c\u00f4t\u00e9, Michel Zinzius, membre d\u2019une association de musique au sud de la France, rencontr\u00e9 sur place, indique : <em>\u00abLe spectacle est tr\u00e8s int\u00e9ressant. Cela demande peut-\u00eatre une cl\u00e9 d\u2019\u00e9coute auparavant. H\u00e9las, on n\u2019avait pas le texte et le fil de la pi\u00e8ce au pr\u00e9alable\u00bb.<\/em><\/span><\/p>\n<p class=\"p1\"><span class=\"s1\">Deux autres \u00e9trang\u00e8res rencontr\u00e9es sur place indiquent avoir \u00e9t\u00e9 impressionn\u00e9es par le lieu \u00absomptueux\u00bb. <em>\u00abC\u2019est extraordinaire comme exp\u00e9rience d\u2019expression. Ce show fait partie des spectacles contemporains\u00bb,<\/em> encha\u00eene l\u2019une des spectatrices. Pour sa part, Mme Friedrich dit avoir <em>\u00abd\u00e9couvert ce palais, qui est un espace de m\u00e9moire\u00bb.<\/em> <em>\u00abJ\u2019ai trouv\u00e9 que c\u2019est un lieu charg\u00e9 de musique et de langue pour l\u2019esprit des jeunes\u00bb<\/em>, encha\u00eene-t-elle. Mieux encore, son \u0153uvre, qui est le r\u00e9sultat d\u2019une collaboration, est exclusivement d\u00e9di\u00e9e \u00e0 cet endroit. <em>\u00abC\u2019est une \u0153uvre faite seulement pour cet espace!\u00bb<\/em>, pr\u00e9cise-t-elle. Le festival de F\u00e8s des musiques sacr\u00e9es du monde semble avoir \u00e9t\u00e9 une occasion idoine pour la jouer.<\/span><\/p>\n<p>Auteur: Salima Guisser<br \/>\n<a href=\"http:\/\/aujourdhui.ma\/culture\/quelle-distance-entre-le-soleil-et-la-terre-un-spectacle-exclusivement-dedie-au-palais-el-glaoui-a-fes\">Cliquez ici pour lire l&rsquo;article depuis sa source.<\/a><\/p>\n","protected":false},"excerpt":{"rendered":"<p>A l\u2019arriv\u00e9e, vendredi dernier \u00e0 18h55 au Palais El Glaoui au fin fond de la m\u00e9dina de F\u00e8s, une metteuse en sc\u00e8ne expliquait, dans un accent allemand, le d\u00e9roulement du spectacle \u00abQuelle distance entre le soleil et la terre ?\u00bb. Un vieil homme en tenue traditionnelle accueillait, \u00e0 19h tapante, le public. D\u00e8s l\u2019acc\u00e8s au [&hellip;]<\/p>\n","protected":false},"author":1759,"featured_media":0,"comment_status":"closed","ping_status":"closed","sticky":false,"template":"","format":"standard","meta":{"fifu_image_url":"","fifu_image_alt":"","footnotes":""},"categories":[73,54],"tags":[],"class_list":["post-42473","post","type-post","status-publish","format-standard","hentry","category-actualite","category-maroc"],"_links":{"self":[{"href":"https:\/\/linitiative.ca\/International\/wp-json\/wp\/v2\/posts\/42473","targetHints":{"allow":["GET"]}}],"collection":[{"href":"https:\/\/linitiative.ca\/International\/wp-json\/wp\/v2\/posts"}],"about":[{"href":"https:\/\/linitiative.ca\/International\/wp-json\/wp\/v2\/types\/post"}],"author":[{"embeddable":true,"href":"https:\/\/linitiative.ca\/International\/wp-json\/wp\/v2\/users\/1759"}],"replies":[{"embeddable":true,"href":"https:\/\/linitiative.ca\/International\/wp-json\/wp\/v2\/comments?post=42473"}],"version-history":[{"count":0,"href":"https:\/\/linitiative.ca\/International\/wp-json\/wp\/v2\/posts\/42473\/revisions"}],"wp:attachment":[{"href":"https:\/\/linitiative.ca\/International\/wp-json\/wp\/v2\/media?parent=42473"}],"wp:term":[{"taxonomy":"category","embeddable":true,"href":"https:\/\/linitiative.ca\/International\/wp-json\/wp\/v2\/categories?post=42473"},{"taxonomy":"post_tag","embeddable":true,"href":"https:\/\/linitiative.ca\/International\/wp-json\/wp\/v2\/tags?post=42473"}],"curies":[{"name":"wp","href":"https:\/\/api.w.org\/{rel}","templated":true}]}}