{"id":42474,"date":"2019-06-25T07:10:12","date_gmt":"2019-06-25T11:10:12","guid":{"rendered":"https:\/\/linitiative.ca\/International\/bigflo-oli-nous-sommes-tres-contents-de-rencontrer-le-groupe-h-kayn\/"},"modified":"2019-06-25T07:10:12","modified_gmt":"2019-06-25T11:10:12","slug":"bigflo-oli-nous-sommes-tres-contents-de-rencontrer-le-groupe-h-kayn","status":"publish","type":"post","link":"https:\/\/linitiative.ca\/International\/bigflo-oli-nous-sommes-tres-contents-de-rencontrer-le-groupe-h-kayn\/","title":{"rendered":"Bigflo &amp; Oli : \u00abNous sommes tr\u00e8s contents de rencontrer le groupe H-Kayn\u00bb"},"content":{"rendered":"<p><img decoding=\"async\" class=\"post_layout_5_img\" src=\"http:\/\/aujourdhui.ma\/wp-content\/uploads\/2019\/06\/Bigflo-Oli-Mawazine.jpg?x29840\" alt=\"Bigflo &#038; Oli : \u00abNous sommes tr\u00e8s contents de rencontrer le groupe H-Kayn\u00bb\"\/><\/p>\n<p class=\"p1\"><span class=\"c4\"><strong><span class=\"s1\"><em>Le duo incontestable de la sc\u00e8ne hip hop fran\u00e7ais s\u2019est confi\u00e9 lors d\u2019une conf\u00e9rence de presse<\/em><\/span><\/strong><\/span> <span id=\"more-313610\"\/><\/p>\n<div class=\"base-box mom_box_sc_custom mom_box_sc clear c5\" readability=\"11\">\n<p class=\"p1\"><span class=\"s1\"><strong>Connus par leur histoire tr\u00e8s touchante, les fr\u00e8res ont \u00e9t\u00e9 interrog\u00e9s sur une sc\u00e8ne de suicide parue dans l\u2019un de leurs vid\u00e9oclips. A ce sujet, le duo explique qu\u2019il aime \u00e9voquer des sujets difficiles et durs \u00e0 soulever.<\/strong><\/span><\/p>\n<\/div>\n<p class=\"p1\"><span class=\"s1\">Connus pour leurs chansons plut\u00f4t positives et assez l\u00e9g\u00e8res avec des refrains, le ph\u00e9nom\u00e8ne toulousain Bigflo &#038; Oli s\u2019est dit tr\u00e8s heureux de se produire pour la premi\u00e8re fois au Maroc. <em>\u00abNous sommes enfin au Maroc. On re\u00e7oit beaucoup de messages sur les r\u00e9seaux sociaux de la part des Marocains pour venir se produire \u00e0 Mawazine. C\u2019est un festival tr\u00e8s r\u00e9put\u00e9 et connu parmi les artistes\u00bb,<\/em> a d\u00e9clar\u00e9 le duo de rappeurs fran\u00e7ais lors de la conf\u00e9rence de presse, tenue dimanche \u00e0 Rabat. Florian (Bigflo) et Olivio (Oli) Ordonez, \u00e2g\u00e9s respectivement de 23 et 20 ans, sont le plus jeune duo le plus populaire du moment dans le monde du rap fran\u00e7ais.<\/span><\/p>\n<p class=\"p1\"><span class=\"s1\">Connus par leur histoire tr\u00e8s touchante, les fr\u00e8res ont \u00e9t\u00e9 interrog\u00e9s sur une sc\u00e8ne de suicide parue dans l\u2019un de leurs vid\u00e9oclips. A ce sujet, le duo explique qu\u2019il <em>\u00abaime \u00e9voquer des sujets difficiles et durs \u00e0 soulever\u00bb<\/em>. Il aime bien <em>\u00abcr\u00e9er ce genre de r\u00e9flexions sans passer pour d\u00e9moralisateur ou sans \u00eatre lourd pour raconter une histoire. On pense que cela marche mieux en plus\u00bb.<\/em> Revenant \u00e9galement sur leur chanson \u00abAllez le stade\u00bb, les Toulousains ont fait savoir que bien qu\u2019il ait \u00e9t\u00e9 initialement un d\u00e9fi lanc\u00e9 par les joueurs de rugby de leur ville natale qui ont remport\u00e9 le championnat de France, le morceau leur a \u00e9galement permis de rendre hommage \u00e0 Toulouse, qu\u2019ils ch\u00e9rissent particuli\u00e8rement.<\/span><\/p>\n<p class=\"p1\"><span class=\"s1\">En effet, le duo incontestable de la sc\u00e8ne hip hop a \u00e9galement confi\u00e9 qu\u2019 \u00abil ne conna\u00eet pas assez le rap marocain mais il conna\u00eet le groupe marocain \u00abH-Kayn\u00bb. <em>\u00abIl y a Gad El Maleh qui nous a mis en contact avec le groupe. On est tr\u00e8s contents de faire la rencontre avec ce groupe. En tout cas on adore d\u00e9couvrir le hip hop marocain\u00bb.<\/em><\/span><\/p>\n<p class=\"p1\"><span class=\"s1\">A propos de leur projet, les deux fr\u00e8res ont annonc\u00e9 qu\u2019ils pr\u00e9parent cet \u00e9t\u00e9 un grand concert \u00e0 Paris. Selon leurs dires, <em>\u00ab40.000 personnes sont attendues\u00bb.<\/em> Le duo se pr\u00e9pare \u00e9galement \u00e0 entamer une tourn\u00e9e dans les festivals. <em>\u00abEn tout cas, \u00e7a continue pour nous et on a l\u2019impression que le r\u00e9veil va sonner un jour et pour l\u2019instant ce n\u2019est pas le cas\u00bb<\/em>. A la fois interpr\u00e8tes, auteurs et compositeurs, les deux fr\u00e8res ont sorti leur premier album \u00abLa cour des grands\u00bb en 2015, certifi\u00e9 disque d\u2019or en moins de quatre mois apr\u00e8s sa sortie puis disque de platine en France. Leur deuxi\u00e8me album intitul\u00e9 \u00abLa vraie vie\u00bb est sorti en 2017. Apr\u00e8s 3 semaines d\u2019exploitation, l\u2019album est certifi\u00e9 disque d\u2019or, puis disque de platine 3 mois apr\u00e8s sa sortie, double disque de platine, ensuite triple disque de platine en 2018.<\/span><\/p>\n<p>Auteur: Siham Jadraoui<br \/>\n<a href=\"http:\/\/aujourdhui.ma\/culture\/musique\/bigflo-oli-nous-sommes-tres-contents-de-rencontrer-le-groupe-h-kayn\">Cliquez ici pour lire l&rsquo;article depuis sa source.<\/a><\/p>\n","protected":false},"excerpt":{"rendered":"<p>Le duo incontestable de la sc\u00e8ne hip hop fran\u00e7ais s\u2019est confi\u00e9 lors d\u2019une conf\u00e9rence de presse Connus par leur histoire tr\u00e8s touchante, les fr\u00e8res ont \u00e9t\u00e9 interrog\u00e9s sur une sc\u00e8ne de suicide parue dans l\u2019un de leurs vid\u00e9oclips. A ce sujet, le duo explique qu\u2019il aime \u00e9voquer des sujets difficiles et durs \u00e0 soulever. Connus [&hellip;]<\/p>\n","protected":false},"author":1759,"featured_media":0,"comment_status":"closed","ping_status":"closed","sticky":false,"template":"","format":"standard","meta":{"fifu_image_url":"","fifu_image_alt":"","footnotes":""},"categories":[73,54],"tags":[],"class_list":["post-42474","post","type-post","status-publish","format-standard","hentry","category-actualite","category-maroc"],"_links":{"self":[{"href":"https:\/\/linitiative.ca\/International\/wp-json\/wp\/v2\/posts\/42474","targetHints":{"allow":["GET"]}}],"collection":[{"href":"https:\/\/linitiative.ca\/International\/wp-json\/wp\/v2\/posts"}],"about":[{"href":"https:\/\/linitiative.ca\/International\/wp-json\/wp\/v2\/types\/post"}],"author":[{"embeddable":true,"href":"https:\/\/linitiative.ca\/International\/wp-json\/wp\/v2\/users\/1759"}],"replies":[{"embeddable":true,"href":"https:\/\/linitiative.ca\/International\/wp-json\/wp\/v2\/comments?post=42474"}],"version-history":[{"count":0,"href":"https:\/\/linitiative.ca\/International\/wp-json\/wp\/v2\/posts\/42474\/revisions"}],"wp:attachment":[{"href":"https:\/\/linitiative.ca\/International\/wp-json\/wp\/v2\/media?parent=42474"}],"wp:term":[{"taxonomy":"category","embeddable":true,"href":"https:\/\/linitiative.ca\/International\/wp-json\/wp\/v2\/categories?post=42474"},{"taxonomy":"post_tag","embeddable":true,"href":"https:\/\/linitiative.ca\/International\/wp-json\/wp\/v2\/tags?post=42474"}],"curies":[{"name":"wp","href":"https:\/\/api.w.org\/{rel}","templated":true}]}}