{"id":42476,"date":"2019-06-25T07:30:59","date_gmt":"2019-06-25T11:30:59","guid":{"rendered":"https:\/\/linitiative.ca\/International\/entrepreneuriat-lemlyon-abrite-la-3e-edition-du-challenge-franco-marocain-de-lentrepreneuriat\/"},"modified":"2019-06-25T07:30:59","modified_gmt":"2019-06-25T11:30:59","slug":"entrepreneuriat-lemlyon-abrite-la-3e-edition-du-challenge-franco-marocain-de-lentrepreneuriat","status":"publish","type":"post","link":"https:\/\/linitiative.ca\/International\/entrepreneuriat-lemlyon-abrite-la-3e-edition-du-challenge-franco-marocain-de-lentrepreneuriat\/","title":{"rendered":"Entrepreneuriat : L\u2019EMLyon abrite la 3e \u00e9dition du Challenge franco-marocain de l\u2019entrepreneuriat"},"content":{"rendered":"<p><img decoding=\"async\" class=\"post_layout_5_img\" src=\"http:\/\/aujourdhui.ma\/wp-content\/uploads\/2019\/06\/Mourad-El-Mahjoubi.jpg?x29840\" alt=\"Entrepreneuriat : L\u2019EMLyon abrite la 3e \u00e9dition du Challenge franco-marocain de l\u2019entrepreneuriat\"\/><\/p>\n<p class=\"p1\"><span class=\"s1 c5\"><span class=\"c4\"><strong>La c\u00e9r\u00e9monie de remise des prix de la 3e \u00e9dition du Challenge franco-marocain de l\u2019entrepreneuriat 2019 s\u2019est tenue il y a quelques jours sur le campus de l\u2019EMLyon.<span class=\"Apple-converted-space\">\u00a0<\/span><\/strong><\/span><\/span> <span id=\"more-313620\"\/><\/p>\n<p class=\"p1\"><span class=\"s1\">Organis\u00e9 conjointement par l\u2019ambassade de France au Maroc, EMLyon Business School Campus Casablanca, France Alumni Maroc et la Fondation marocaine pour la promotion de l\u2019entrepreneuriat, l\u2019essence m\u00eame d\u2019un tel \u00e9v\u00e9nement r\u00e9side dans la promotion de l\u2019entrepreneuriat au Maroc. L\u2019objectif premier \u00e9tant de transmettre aux jeunes issus de l\u2019enseignement sup\u00e9rieur, \u00e2g\u00e9s de 20 \u00e0 30 ans, les comp\u00e9tences entrepreneuriales n\u00e9cessaires pour cr\u00e9er leur entreprise. Compte tenu des enjeux du moment, cette troisi\u00e8me \u00e9dition a re\u00e7u le soutien d\u2019institutionnels forts pour ne citer que BMCE Bank of Africa, Orange, Madofer, Gift\u2019s Partner et Young 1 Creative. Training Week, Hackathon et Pitching\u2019s Day ont repr\u00e9sent\u00e9 les trois temps forts du moment en dehors de la c\u00e9r\u00e9monie de remise des prix.<\/span><\/p>\n<p class=\"p1\"><span class=\"s1\"><span class=\"Apple-converted-space\">\u00a0<\/span> <em>\u00abLa \u00abTraining Week\u00bb, tenue du 20 au 24 mai, a consist\u00e9 \u00e0 former en une semaine 30 jeunes porteurs de projets \u00e0 l\u2019entrepreneuriat. Sous forme de workshops, ces challengers ont pu d\u00e9couvrir tout le process de cr\u00e9ation d\u2019une entreprise : design thinking, canevas business plan, prototypage, business model et strat\u00e9gie, strat\u00e9gie financi\u00e8re et mode de financement. \u00c0 la suite de cette formation, les 15 projets les plus pertinents ont \u00e9t\u00e9 s\u00e9lectionn\u00e9s\u00bb<\/em>, expliquent les porte-de l\u2019\u00e9cole. Le Hackathon, organis\u00e9 le 13 juin et anim\u00e9 par des mentors de France Alumni Maroc, a \u00e9t\u00e9 consacr\u00e9, par ailleurs, au mentorat et \u00e0 l\u2019art du pitch.<\/span><\/p>\n<p class=\"p1\"><span class=\"s1\">Cette journ\u00e9e a eu pour objectif de mettre en pratique les comp\u00e9tences entrepreneuriales acquises par les 15 porteurs de projets lors de la Training Week et de les pr\u00e9parer \u00e0 pitcher devant un jury d\u2019experts, pour gagner leur place en finale. Enfin, le Pitching\u2019s Day et la c\u00e9r\u00e9monie de remise des prix se sont d\u00e9roul\u00e9s le 14 juin. 8 finalistes ont \u00e9t\u00e9 amen\u00e9s \u00e0 d\u00e9fendre leurs projets devant un jury compos\u00e9 de professionnels et partenaires de l\u2019\u00e9v\u00e9nement.<\/span><\/p>\n<p class=\"p1\"><span class=\"s1\">Les 4 start-up gagnantes (voir encadr\u00e9) ont b\u00e9n\u00e9fici\u00e9 d\u2019un accompagnement au sein de l\u2019incubateur d\u2019EMLyon Business School Campus Casablanca. Des espaces de co-working, master class, formations, conseils, outils num\u00e9riques ont \u00e9galement \u00e9t\u00e9 offerts par les partenaires. A travers cet \u00e9v\u00e9nement l\u2019\u00e9cole s\u2019inscrit compl\u00e8tement dans la RSE et choisit ses positionnements dans un environnement national r\u00e9solument orient\u00e9 vers l\u2019entrepreneuriat et l\u2019innovation.<\/span><\/p>\n<div class=\"base-box mom_box_sc_custom mom_box_sc clear c6\" readability=\"31\">\n<p class=\"p1\"><span class=\"s1\">Suite aux d\u00e9lib\u00e9rations des membres du jury, 4 vainqueurs ont \u00e9t\u00e9 prim\u00e9s dans les cat\u00e9gories suivantes : Meilleur projet, innovation, social et coup de c\u0153ur du jury.<\/span><\/p>\n<p class=\"p1\"><span class=\"s1\">1-<span class=\"Apple-converted-space\">\u00a0<\/span> Le \u00abPrix du meilleur projet\u00bb a \u00e9t\u00e9 remport\u00e9 par Green Supply fond\u00e9e par Othmane Souhairi.<span class=\"Apple-converted-space\">\u00a0<\/span> Cette start-up est une plate-forme technologique collaborative qui permet aux entreprises d\u2019\u00e9valuer la performance RSE de leurs fournisseurs.<\/span><\/p>\n<p class=\"p1\"><span class=\"s1\">2-<span class=\"Apple-converted-space\">\u00a0<\/span> Le \u00abPrix social\u00bb a \u00e9t\u00e9 d\u00e9cern\u00e9 \u00e0 Lamamy, fond\u00e9e par Meriem Cherraji. Cette start-up propose un service de livraison de plats faits maison par des m\u00e8res au foyer dans des situations pr\u00e9caires.<\/span><\/p>\n<p class=\"p1\"><span class=\"s1\">3 \u2013 Le \u00abPrix de l\u2019innovation\u00bb est revenu \u00e0 Snaaty, fond\u00e9e par Amina Kachachi et Hajar Tarhat. Cette start-up propose l\u2019organisation d\u2019ateliers ludiques d\u2019artisanat dans des h\u00f4tels, des h\u00e9bergements touristiques et des centres de loisirs.<\/span><\/p>\n<p class=\"p1\"><span class=\"s1\">4- Le \u00abPrix coup de c\u0153ur du jury\u00bb a \u00e9t\u00e9 attribu\u00e9 \u00e0 Transapp fond\u00e9e par Elias Benamar. Cette start-up est une plate-forme web de solutions logistiques dans le domaine du transport de marchandises (terrestres, maritimes et a\u00e9riens).<\/span><\/p>\n<\/div>\n<p>Auteur: ALM<br \/>\n<a href=\"http:\/\/aujourdhui.ma\/emploi\/formation\/entrepreneuriat-lemlyon-abrite-la-3e-edition-du-challenge-franco-marocain-de-lentrepreneuriat\">Cliquez ici pour lire l&rsquo;article depuis sa source.<\/a><\/p>\n","protected":false},"excerpt":{"rendered":"<p>La c\u00e9r\u00e9monie de remise des prix de la 3e \u00e9dition du Challenge franco-marocain de l\u2019entrepreneuriat 2019 s\u2019est tenue il y a quelques jours sur le campus de l\u2019EMLyon.\u00a0 Organis\u00e9 conjointement par l\u2019ambassade de France au Maroc, EMLyon Business School Campus Casablanca, France Alumni Maroc et la Fondation marocaine pour la promotion de l\u2019entrepreneuriat, l\u2019essence m\u00eame [&hellip;]<\/p>\n","protected":false},"author":1759,"featured_media":0,"comment_status":"closed","ping_status":"closed","sticky":false,"template":"","format":"standard","meta":{"fifu_image_url":"","fifu_image_alt":"","footnotes":""},"categories":[73,54],"tags":[],"class_list":["post-42476","post","type-post","status-publish","format-standard","hentry","category-actualite","category-maroc"],"_links":{"self":[{"href":"https:\/\/linitiative.ca\/International\/wp-json\/wp\/v2\/posts\/42476","targetHints":{"allow":["GET"]}}],"collection":[{"href":"https:\/\/linitiative.ca\/International\/wp-json\/wp\/v2\/posts"}],"about":[{"href":"https:\/\/linitiative.ca\/International\/wp-json\/wp\/v2\/types\/post"}],"author":[{"embeddable":true,"href":"https:\/\/linitiative.ca\/International\/wp-json\/wp\/v2\/users\/1759"}],"replies":[{"embeddable":true,"href":"https:\/\/linitiative.ca\/International\/wp-json\/wp\/v2\/comments?post=42476"}],"version-history":[{"count":0,"href":"https:\/\/linitiative.ca\/International\/wp-json\/wp\/v2\/posts\/42476\/revisions"}],"wp:attachment":[{"href":"https:\/\/linitiative.ca\/International\/wp-json\/wp\/v2\/media?parent=42476"}],"wp:term":[{"taxonomy":"category","embeddable":true,"href":"https:\/\/linitiative.ca\/International\/wp-json\/wp\/v2\/categories?post=42476"},{"taxonomy":"post_tag","embeddable":true,"href":"https:\/\/linitiative.ca\/International\/wp-json\/wp\/v2\/tags?post=42476"}],"curies":[{"name":"wp","href":"https:\/\/api.w.org\/{rel}","templated":true}]}}