{"id":42481,"date":"2019-06-25T11:00:26","date_gmt":"2019-06-25T15:00:26","guid":{"rendered":"https:\/\/linitiative.ca\/International\/elle-a-ete-primee-en-pologne-hub-africa-2019-a-celebre-lopen-innovation-au-service-de-la-pme\/"},"modified":"2019-06-25T11:00:26","modified_gmt":"2019-06-25T15:00:26","slug":"elle-a-ete-primee-en-pologne-hub-africa-2019-a-celebre-lopen-innovation-au-service-de-la-pme","status":"publish","type":"post","link":"https:\/\/linitiative.ca\/International\/elle-a-ete-primee-en-pologne-hub-africa-2019-a-celebre-lopen-innovation-au-service-de-la-pme\/","title":{"rendered":"Elle a \u00e9t\u00e9 prim\u00e9e en Pologne : Hub Africa 2019 a c\u00e9l\u00e9br\u00e9 l\u2019Open Innovation au service de la PME"},"content":{"rendered":"<p><img decoding=\"async\" class=\"post_layout_5_img\" src=\"http:\/\/aujourdhui.ma\/wp-content\/uploads\/2019\/06\/Mezouar-et-Bakkoury-Hub-Africa-2019.jpg?x29840\" alt=\"Elle a \u00e9t\u00e9 prim\u00e9e en Pologne : Hub Africa 2019 a c\u00e9l\u00e9br\u00e9 l\u2019Open Innovation au service de la PME\"\/><\/p>\n<p class=\"p1\"><span class=\"c4\"><strong>La 7\u00e8me \u00e9dition de Hub Africa a permis de mettre sur le tapis des sujets cruciaux. Et le rendez-vous prochain donn\u00e9 aux entrepreneurs et investisseurs est\u00a0<\/strong><strong>d\u2019ores et d\u00e9j\u00e0 fix\u00e9<\/strong><\/span><span id=\"more-313614\"\/><\/p>\n<p class=\"p1\"><span class=\"s1\">\u00abOpen Innovation au service de la PME en Afrique\u00bb; telle a \u00e9t\u00e9 la th\u00e9matique qui a permis de distinguer 7 cat\u00e9gories d\u2019entrepreneurs ou d\u2019initiatives. Un prix sp\u00e9cial a \u00e9t\u00e9 d\u00e9cern\u00e9 \u00e0 la 6\u00e8me pr\u00e9sidente de l\u2019Ile Maurice, Ameenah Gurib Fakim. C\u2019est \u00e0 cette issue que le Grand Prix Hub Africa est revenu \u00e0 Karim Tazi de Marwa. Le prix de la femme entrepreneure a \u00e9t\u00e9 d\u00e9cern\u00e9 \u00e0 Rokhaya Sall, PDG de Mineex. Le jury a accord\u00e9 le prix de la Coop\u00e9ration Sud \u00e0 S2M, re\u00e7u par Aziz Daddane. Et c\u2019est Hafid Griguer, repr\u00e9sentant la soci\u00e9t\u00e9 Pillioty, \u00e0 qui revient le prix de l\u2019entreprise innovante.<\/span><\/p>\n<p class=\"p1\"><span class=\"s1\">Le prix de l\u2019Impact soci\u00e9tal a \u00e9t\u00e9 remis \u00e0 Eug\u00e8ne Ndiaye de Sodeca et le Coup de c\u0153ur \u00e0 Aziz El Yaagoubi de Accel City. Le second jour a \u00e9t\u00e9 anim\u00e9 par trois s\u00e9ances pl\u00e9ni\u00e8res, \u00e0 savoir \u00abRegards crois\u00e9s d\u2019entrepreneurs africains\u00bb, \u00abRetour d\u2019exp\u00e9riences d\u2019initiatives d\u2019Open Innovation\u00bb, \u00abLa ZLCA : d\u00e9fis et enjeux\u00bb. C\u2019est d\u2019ailleurs \u00e0 l\u2019issue de cette derni\u00e8re conf\u00e9rence que Mountaga Keita, PDG de Tulip Industries Ltd (Guin\u00e9e), est revenu sur son parcours d\u2019homme d\u2019affaires, de banquier form\u00e9 \u00e0 Harvard, devenu inventeur d\u2019une borne multit\u00e2ches et multiservices en faveur de la t\u00e9l\u00e9m\u00e9decine. Aujourd\u2019hui, son usine est mise en place et un appel a \u00e9t\u00e9 lanc\u00e9, par le biais de Hub Africa, aux Etats africains pour des commandes. La plate-forme ainsi \u00e9labor\u00e9e depuis des ann\u00e9es par ses fondateurs Zakaria Fahim, pr\u00e9sident de BDO Maroc, et Alioune Gu\u00e8ye, CEO Hub Africa, vise essentiellement \u00e0 valoriser les services des start-up et \u00e0 favoriser l\u2019\u00e9change entre les diff\u00e9rentes parties prenantes.<\/span><\/p>\n<p class=\"p1\"><span class=\"s1\">M. Zoghlami, DG et co-fondateur d\u2019Africup (Tunisie), insistera, pour sa part, sur l\u2019importance de l\u2019industrie du jeu vid\u00e9o qui p\u00e8se 140 milliards $ contre 70 milliards pour le cin\u00e9ma. Avec sa vid\u00e9o-t\u00e9moin, baptis\u00e9e \u00abIndustries cr\u00e9atives digitales\u00bb, il a mis l\u2019accent sur l\u2019afrofuturisme, non sans occulter une niche qui doit surfer sur la g\u00e9n\u00e9ration digitale. Son invention est en cours de lancement au Burkina Faso. A la cl\u00e9 le coding et la 3 D. Ce fut l\u2019occasion aussi \u00e0 Aphrodice Mutangana, DG de kLab (Kigali), qui a d\u00e9crit son espace de co-working, espace d\u2019innovation, au service de la jeunesse et qui compte aujourd\u2019hui plus de 2.000 membres, 400 \u00e0 500 mentors.<\/span><\/p>\n<p class=\"p1\"><span class=\"s1\">Pour sa part, Youssef El Aoufir, managing director and Operations Officer du Groupe Intelcia, a rappel\u00e9 l\u2019\u00e9volution du groupe qui s\u2019implante en Afrique, en Europe et bient\u00f4t en Am\u00e9rique du Nord. Pour le panel <em>\u00abRetour d\u2019exp\u00e9riences d\u2019initiatives d\u2019Open Innovation\u00bb,<\/em> Zineb Bennouna, chef du d\u00e9partement Innovation \u00e0 Lydec, et Maguette MBow, fondateur de Bee\u2019s 55, ont d\u00e9montr\u00e9 le nouveau visage de l\u2019Afrique, une Afrique qui gagne.<\/span><\/p>\n<p class=\"p1\"><span class=\"s1\">La derni\u00e8re pl\u00e9ni\u00e8re ayant trait \u00e0 la Zone de libre-\u00e9change \u00e9conomique en Afrique (ZLCA), Ameenah Gurib Fakim a salu\u00e9 un trait\u00e9, ratifi\u00e9 par 24 Etats qui devrait \u00e9liminer les droits de douane, instaurer un march\u00e9 unique et booster le PIB des Etats africains. De l\u2019avis de la 6\u00e8me pr\u00e9sidente de Maurice, <em>\u00abun continent int\u00e9gr\u00e9 signifie plus de productions, plus investissements, la libre circulation des biens et des personnes\u00bb.<\/em> Ella a \u00e9galement soulign\u00e9 les appr\u00e9hensions, les d\u00e9fis et les malaises qui retardent les avanc\u00e9es dans le sens de l\u2019ouverture. Les enjeux sont pourtant \u00e9normes. Avec une pr\u00e9vision des \u00e9changes commerciaux estim\u00e9e de 50 \u00e0 70 milliards $ vers 2040, les exportateurs auront certainement de nouveaux d\u00e9bouch\u00e9s. Le secteur industriel devra tripler en 2025, la s\u00e9curit\u00e9 alimentaire renforc\u00e9e\u2026 Et pour boucler la boucle, la ZLCA devrait faciliter l\u2019int\u00e9gration financi\u00e8re.<\/span><\/p>\n<p class=\"p1\"><span class=\"s1\">Alioune Gu\u00e8ye, a rappel\u00e9 l\u2019exemple de l\u2019Union europ\u00e9enne qui avait d\u00e9marr\u00e9 par un accord sur le charbon et l\u2019acier mais qui a pu atteindre les pays de l\u2019Est apr\u00e8s la chute du mur de Berlin. Aujourd\u2019hui, la circulation des biens et des personnes repr\u00e9sente un acquis. Dans la m\u00eame optique, la lettre \u00abNo visa pour les entrepreneurs en Afrique\u00bb, r\u00e9dig\u00e9e par Zakaria Fahim et adress\u00e9e au pr\u00e9sident en exercice de l\u2019UA, \u00e0 un certain nombre d\u2019organismes et instances du continent, permettra certainement de faire du lobbying dans ce cas. Les avantages sont \u00e9normes quand on sait qu\u2019\u00e0 ce jour de jeunes gagnants de l\u2019African Pitch Roadshow n\u2019ont pu concourir \u00e0 la finale \u00e0 Casablanca, faute de visa.<\/span><\/p>\n<p class=\"p1\"><span class=\"s1\">Bref, la 7\u00e8me \u00e9dition de Hub Africa a permis de mettre sur le tapis des sujets cruciaux. Et le rendez-vous prochain donn\u00e9 aux entrepreneurs et investisseurs est d\u2019ores et d\u00e9j\u00e0 fix\u00e9, \u00e0 la m\u00eame p\u00e9riode, en 2020 sur un th\u00e8me tout aussi important que celui de la \u00abPPP, levier de la PME en Afrique\u00bb.<\/span><\/p>\n<div class=\"base-box mom_box_sc_custom mom_box_sc clear c5\" readability=\"28\">\n<p class=\"p1\"><span class=\"s1\">Quant aux prix qui ont r\u00e9compens\u00e9 les start-up de l\u2019African, Pitch Roadshow 2019, ayant gagn\u00e9 et particip\u00e9 \u00e0 la finale, le palmar\u00e8s 2019 se d\u00e9cline ainsi :<\/span><\/p>\n<p class=\"p1\"><span class=\"s1\">\u2022 1er Prix \u00e0 Tira Robots de Wassim Ben Hamida (Tunis), ce projet est une solution, sp\u00e9cialis\u00e9e dans la fabrication de robots de manutention.<\/span><\/p>\n<p class=\"p1\"><span class=\"s1\">\u2022 2\u00e8me Prix Soteko City<span class=\"Apple-converted-space\">\u00a0<\/span> (Bruxelles pour la diaspora) (Smart City) de la team dirig\u00e9e par Roxanna Dela Fiamor, \u00e9mue aux larmes, et qui comprend Jo\u00ebl Buleli et Marc DePaus<span class=\"Apple-converted-space\">\u00a0<\/span> (Bruxelles pour la diaspora)<\/span><\/p>\n<p class=\"p1\"><span class=\"s1\">\u2022 3\u00e8me Prix \u00e0 Boostiny de Tarek Nachnouci<span class=\"Apple-converted-space\">\u00a0<\/span> (Tunis) dont le projet porte sur une plate-forme de recommandation r\u00e9mun\u00e9r\u00e9e qui met \u00e0 la disposition de tout utilisateur une s\u00e9lection d\u2019offres commerciales et des outils permettant de les diffuser \u00e0 travers ses r\u00e9seaux de contacts. Il devient alors un Nano-Influenceur et touche une commission sur chaque clic, prospect ou vente g\u00e9n\u00e9r\u00e9s.<\/span><\/p>\n<\/div>\n<p>Auteur: Dounia Essabban<br \/>\n<a href=\"http:\/\/aujourdhui.ma\/emploi\/elle-a-ete-primee-en-pologne-hub-africa-2019-a-celebre-lopen-innovation-au-service-de-la-pme\">Cliquez ici pour lire l&rsquo;article depuis sa source.<\/a><\/p>\n","protected":false},"excerpt":{"rendered":"<p>La 7\u00e8me \u00e9dition de Hub Africa a permis de mettre sur le tapis des sujets cruciaux. Et le rendez-vous prochain donn\u00e9 aux entrepreneurs et investisseurs est\u00a0d\u2019ores et d\u00e9j\u00e0 fix\u00e9 \u00abOpen Innovation au service de la PME en Afrique\u00bb; telle a \u00e9t\u00e9 la th\u00e9matique qui a permis de distinguer 7 cat\u00e9gories d\u2019entrepreneurs ou d\u2019initiatives. Un prix [&hellip;]<\/p>\n","protected":false},"author":1759,"featured_media":0,"comment_status":"closed","ping_status":"closed","sticky":false,"template":"","format":"standard","meta":{"fifu_image_url":"","fifu_image_alt":"","footnotes":""},"categories":[73,54],"tags":[],"class_list":["post-42481","post","type-post","status-publish","format-standard","hentry","category-actualite","category-maroc"],"_links":{"self":[{"href":"https:\/\/linitiative.ca\/International\/wp-json\/wp\/v2\/posts\/42481","targetHints":{"allow":["GET"]}}],"collection":[{"href":"https:\/\/linitiative.ca\/International\/wp-json\/wp\/v2\/posts"}],"about":[{"href":"https:\/\/linitiative.ca\/International\/wp-json\/wp\/v2\/types\/post"}],"author":[{"embeddable":true,"href":"https:\/\/linitiative.ca\/International\/wp-json\/wp\/v2\/users\/1759"}],"replies":[{"embeddable":true,"href":"https:\/\/linitiative.ca\/International\/wp-json\/wp\/v2\/comments?post=42481"}],"version-history":[{"count":0,"href":"https:\/\/linitiative.ca\/International\/wp-json\/wp\/v2\/posts\/42481\/revisions"}],"wp:attachment":[{"href":"https:\/\/linitiative.ca\/International\/wp-json\/wp\/v2\/media?parent=42481"}],"wp:term":[{"taxonomy":"category","embeddable":true,"href":"https:\/\/linitiative.ca\/International\/wp-json\/wp\/v2\/categories?post=42481"},{"taxonomy":"post_tag","embeddable":true,"href":"https:\/\/linitiative.ca\/International\/wp-json\/wp\/v2\/tags?post=42481"}],"curies":[{"name":"wp","href":"https:\/\/api.w.org\/{rel}","templated":true}]}}