{"id":42482,"date":"2019-06-25T11:45:27","date_gmt":"2019-06-25T15:45:27","guid":{"rendered":"https:\/\/linitiative.ca\/International\/abdellah-bekkali-reconduit-pour-un-nouveau-mandat\/"},"modified":"2019-06-25T11:45:27","modified_gmt":"2019-06-25T15:45:27","slug":"abdellah-bekkali-reconduit-pour-un-nouveau-mandat","status":"publish","type":"post","link":"https:\/\/linitiative.ca\/International\/abdellah-bekkali-reconduit-pour-un-nouveau-mandat\/","title":{"rendered":"Abdellah Bekkali, reconduit pour un nouveau mandat"},"content":{"rendered":"<p class=\"c4\"><span class=\"c3\"><strong><span class=\"c2\">S<\/span>ans surprise, Abdellah Bekkali, pr\u00e9sident sortant a \u00e9t\u00e9 reconduit pour un second\u00a0 mandat \u00e0 la t\u00eate du syndicat national de la presse marocaine (SNPM), samedi 22 juin \u00e0 Marrakech, lors du 8e Congr\u00e8s national, plac\u00e9 sous le th\u00e8me \u00abLa libert\u00e9 de la presse et l\u2019\u00e9thique, fondement du professionnalisme\u00bb et qui a connu la participation de plus de 400 congessistes.<\/strong><\/span><\/p>\n<p class=\"c4\">Elu \u00e0 l\u2019unanimit\u00e9,\u00a0 Abdellah Bekkali consid\u00e8re, dans une d\u00e9claration \u00e0 Al Bayane, que le renouvellement de son mandat par la majorit\u00e9 des congressistes constitue, de fait, une approbation de son bilan positif. Le SNPM, insiste-t-il \u00e0 cet \u00e9gard, n\u2019a pas l\u00e9sin\u00e9 sur les moyens pour d\u00e9fendre les journalistes victimes des agressions tout en leur apportant le soutien n\u00e9cessaire lorsqu\u2019il s\u2019agit d\u2019un proc\u00e8s devant les tribunaux. L\u2019action du syndicat a \u00e9galement port\u00e9 sur l\u2019encadrement et la formation des journalistes lors des conflits de travail a-t-il poursuivi. Encore plus, le num\u00e9ro un du SNPM a indiqu\u00e9 que durant les\u00a0 4 ann\u00e9es pr\u00e9c\u00e9dentes, son instance a veill\u00e9 \u00e0 tisser des liens de communication avec l\u2019ensemble des instances et sections et ce en toute transparence. En termes plus clairs, \u00abcette r\u00e9\u00e9lection est le couronnement de tout un travail men\u00e9 par tous les acteurs du SNPM, sans exception\u00bb, a-t-il soulign\u00e9.<\/p>\n<p class=\"c4\">Certes les d\u00e9fis sont \u00e9normes pour la prochaine \u00e9tape, d\u2019o\u00f9 la n\u00e9cessit\u00e9 de relever, encore davantage, la cadence du travail pour obtenir de nouveaux acquis, a-t-il affirm\u00e9. En termes plus clairs, le prochain mandat sera consacr\u00e9 \u00e0 la d\u00e9fense de la situation mat\u00e9rielle et professionnelle des journalistes dans un contexte marqu\u00e9 par la d\u00e9t\u00e9rioration financi\u00e8res des entreprises de presse \u00e0 cause du recul\u00a0 des recettes publicitaires et la baisse de lecture, a-t-il expliqu\u00e9. \u00abLes journalistes marocains sont sous-pay\u00e9s par rapport \u00e0 d\u2019autres professions. Une situation qu\u2019on ne peut point tol\u00e9rer\u00bb, a-t-il martel\u00e9. Autre moins important soulev\u00e9 par lui, celui de la libert\u00e9 de la presse, Bekkali estime que le Maroc a parcouru un long chemin dans ce sens, mais quelques d\u00e9rapages persistent encore et auxquels le corps des journalistes doit se mobiliser pour faire face.<\/p>\n<p class=\"c4\">Notons par ailleurs que Abdelkbir Akhchichene a \u00e9t\u00e9 \u00e9lu pr\u00e9sident du Conseil national f\u00e9d\u00e9ral et notre coll\u00e8gue Mohamed Hajjoui du quotidien \u00abBayane Al Yaoum\u00bb a \u00e9t\u00e9 mandat\u00e9 au poste du tr\u00e9sorier du syndicat.<\/p>\n<p class=\"c5\"><strong>Khalid Darfaf<\/strong><\/p>\n<p>Auteur: rahal mehamed<br \/>\n<a href=\"http:\/\/albayane.press.ma\/abdellah-bekkali-reconduit-pour-un-nouveau-mandat.html\">Cliquez ici pour lire l&rsquo;article depuis sa source.<\/a><\/p>\n","protected":false},"excerpt":{"rendered":"<p>Sans surprise, Abdellah Bekkali, pr\u00e9sident sortant a \u00e9t\u00e9 reconduit pour un second\u00a0 mandat \u00e0 la t\u00eate du syndicat national de la presse marocaine (SNPM), samedi 22 juin \u00e0 Marrakech, lors du 8e Congr\u00e8s national, plac\u00e9 sous le th\u00e8me \u00abLa libert\u00e9 de la presse et l\u2019\u00e9thique, fondement du professionnalisme\u00bb et qui a connu la participation de [&hellip;]<\/p>\n","protected":false},"author":1760,"featured_media":0,"comment_status":"closed","ping_status":"closed","sticky":false,"template":"","format":"standard","meta":{"fifu_image_url":"","fifu_image_alt":"","footnotes":""},"categories":[73,54],"tags":[],"class_list":["post-42482","post","type-post","status-publish","format-standard","hentry","category-actualite","category-maroc"],"_links":{"self":[{"href":"https:\/\/linitiative.ca\/International\/wp-json\/wp\/v2\/posts\/42482","targetHints":{"allow":["GET"]}}],"collection":[{"href":"https:\/\/linitiative.ca\/International\/wp-json\/wp\/v2\/posts"}],"about":[{"href":"https:\/\/linitiative.ca\/International\/wp-json\/wp\/v2\/types\/post"}],"author":[{"embeddable":true,"href":"https:\/\/linitiative.ca\/International\/wp-json\/wp\/v2\/users\/1760"}],"replies":[{"embeddable":true,"href":"https:\/\/linitiative.ca\/International\/wp-json\/wp\/v2\/comments?post=42482"}],"version-history":[{"count":0,"href":"https:\/\/linitiative.ca\/International\/wp-json\/wp\/v2\/posts\/42482\/revisions"}],"wp:attachment":[{"href":"https:\/\/linitiative.ca\/International\/wp-json\/wp\/v2\/media?parent=42482"}],"wp:term":[{"taxonomy":"category","embeddable":true,"href":"https:\/\/linitiative.ca\/International\/wp-json\/wp\/v2\/categories?post=42482"},{"taxonomy":"post_tag","embeddable":true,"href":"https:\/\/linitiative.ca\/International\/wp-json\/wp\/v2\/tags?post=42482"}],"curies":[{"name":"wp","href":"https:\/\/api.w.org\/{rel}","templated":true}]}}