{"id":42483,"date":"2019-06-25T11:46:12","date_gmt":"2019-06-25T15:46:12","guid":{"rendered":"https:\/\/linitiative.ca\/International\/le-polisario-isole-sur-la-scene-internationale\/"},"modified":"2019-06-25T11:46:12","modified_gmt":"2019-06-25T15:46:12","slug":"le-polisario-isole-sur-la-scene-internationale","status":"publish","type":"post","link":"https:\/\/linitiative.ca\/International\/le-polisario-isole-sur-la-scene-internationale\/","title":{"rendered":"Le polisario isol\u00e9 sur la sc\u00e8ne internationale"},"content":{"rendered":"<p class=\"c4\"><span class=\"c3\"><strong><span class=\"c2\">V<\/span>raisemblablement, le polisario n\u2019existe en tant qu\u2019Etat que dans la conception de ceux qui l\u2019ont cr\u00e9\u00e9 de toutes pi\u00e8ces et continuent de soutenir ses th\u00e8ses, de le financer et de l\u2019armer.<\/strong><\/span><\/p>\n<p class=\"c4\">C\u2019est du moins le message v\u00e9hicul\u00e9 par les positions officielles de la quasi-totalit\u00e9 des pays du monde. En fait, plus de cent soixante Etats ont retir\u00e9 leur reconnaissance de la fantomatique \u00abrasd\u00bb, soulignant, en m\u00eame temps, la pertinence de l\u2019approche marocaine en vue de trouver une issue politique au conflit artificiel cr\u00e9\u00e9 autour du Sahara marocain.<\/p>\n<p class=\"c4\">Aujourd\u2019hui, l\u2019initiative d\u2019autonomie des provinces du sud sous souverainet\u00e9 marocaine s\u2019est impos\u00e9e par sa l\u00e9gitimit\u00e9, sa pertinence, son pragmatisme, sa durabilit\u00e9 et son applicabilit\u00e9 comme solution politique de nature \u00e0 clore d\u00e9finitivement ce dossier et lib\u00e9rer les populations s\u00e9questr\u00e9es dans des conditions inhumaines dans les camps de Tindouf en Alg\u00e9rie.<\/p>\n<p class=\"c4\">Il faut dire que la r\u00e9solution de ce conflit mettra un terme aux souffrances des milliers de familles enferm\u00e9es, opprim\u00e9es et roul\u00e9es par les dirigeants du polisario, qui ont transform\u00e9 ces camps de Tindouf en un v\u00e9ritable fonds de commerce pour s\u2019enrichir, en d\u00e9tournant les aides humanitaires, en plus de leur implication dans les trafics en tous genres et leurs connexions avec les mafias du Sahel et les r\u00e9seaux terroristes.<\/p>\n<p class=\"c4\">C\u2019est dire que ce sont la stabilit\u00e9 de toute la r\u00e9gion et la qui\u00e9tude de ses populations qui seront assur\u00e9es par la r\u00e9solution d\u00e9finitive de ce conflit artificiel sous l\u2019\u00e9gide du conseil de s\u00e9curit\u00e9 de l\u2019ONU. D\u2019ailleurs, l\u2019instance onusienne a d\u00e9j\u00e0 balis\u00e9 la voie \u00e0 cette solution politique notamment par ses derni\u00e8res r\u00e9solutions, pla\u00e7ant exclusivement le processus sur les rails de l\u2019ONU.<\/p>\n<p class=\"c4\">Et ce ne sera que justice rendue \u00e0 un pays qui a toujours bataill\u00e9 pour le respect de la l\u00e9galit\u00e9 internationale et \u0153uvr\u00e9 pour promouvoir la paix dans le monde.<\/p>\n<p class=\"c5\"><strong>B. Amenzou<\/strong><\/p>\n<p>Auteur: rahal mehamed<br \/>\n<a href=\"http:\/\/albayane.press.ma\/le-polisario-isole-sur-la-scene-internationale.html\">Cliquez ici pour lire l&rsquo;article depuis sa source.<\/a><\/p>\n","protected":false},"excerpt":{"rendered":"<p>Vraisemblablement, le polisario n\u2019existe en tant qu\u2019Etat que dans la conception de ceux qui l\u2019ont cr\u00e9\u00e9 de toutes pi\u00e8ces et continuent de soutenir ses th\u00e8ses, de le financer et de l\u2019armer. C\u2019est du moins le message v\u00e9hicul\u00e9 par les positions officielles de la quasi-totalit\u00e9 des pays du monde. En fait, plus de cent soixante Etats [&hellip;]<\/p>\n","protected":false},"author":1760,"featured_media":0,"comment_status":"closed","ping_status":"closed","sticky":false,"template":"","format":"standard","meta":{"fifu_image_url":"","fifu_image_alt":"","footnotes":""},"categories":[73,54],"tags":[],"class_list":["post-42483","post","type-post","status-publish","format-standard","hentry","category-actualite","category-maroc"],"_links":{"self":[{"href":"https:\/\/linitiative.ca\/International\/wp-json\/wp\/v2\/posts\/42483","targetHints":{"allow":["GET"]}}],"collection":[{"href":"https:\/\/linitiative.ca\/International\/wp-json\/wp\/v2\/posts"}],"about":[{"href":"https:\/\/linitiative.ca\/International\/wp-json\/wp\/v2\/types\/post"}],"author":[{"embeddable":true,"href":"https:\/\/linitiative.ca\/International\/wp-json\/wp\/v2\/users\/1760"}],"replies":[{"embeddable":true,"href":"https:\/\/linitiative.ca\/International\/wp-json\/wp\/v2\/comments?post=42483"}],"version-history":[{"count":0,"href":"https:\/\/linitiative.ca\/International\/wp-json\/wp\/v2\/posts\/42483\/revisions"}],"wp:attachment":[{"href":"https:\/\/linitiative.ca\/International\/wp-json\/wp\/v2\/media?parent=42483"}],"wp:term":[{"taxonomy":"category","embeddable":true,"href":"https:\/\/linitiative.ca\/International\/wp-json\/wp\/v2\/categories?post=42483"},{"taxonomy":"post_tag","embeddable":true,"href":"https:\/\/linitiative.ca\/International\/wp-json\/wp\/v2\/tags?post=42483"}],"curies":[{"name":"wp","href":"https:\/\/api.w.org\/{rel}","templated":true}]}}