{"id":42485,"date":"2019-06-25T05:56:43","date_gmt":"2019-06-25T09:56:43","guid":{"rendered":"https:\/\/linitiative.ca\/International\/le-maroc-entame-la-can-sur-une-victoire-a-larrachee\/"},"modified":"2019-06-25T05:56:43","modified_gmt":"2019-06-25T09:56:43","slug":"le-maroc-entame-la-can-sur-une-victoire-a-larrachee","status":"publish","type":"post","link":"https:\/\/linitiative.ca\/International\/le-maroc-entame-la-can-sur-une-victoire-a-larrachee\/","title":{"rendered":"Le Maroc entame la CAN sur une victoire \u00e0 l\u2019arrach\u00e9e"},"content":{"rendered":"<p class=\"c4\"><span class=\"c3\"><strong><span class=\"c2\">L\u2019<\/span>\u00e9quipe nationale a fait l\u2019essentiel en s\u2019imposant dans son premier match de la CAN 2019 face \u00e0 son homologue namibienne sur un petit score de (1-0).<\/strong><\/span><\/p>\n<p class=\"c4\">Un joueur namibien s\u2019est charg\u00e9 pour marquer, contre son camp, le seul but de la partie en fin du match au grand bonheur des Lions qui doivent s\u2019estimer heureux d\u2019avoir arrach\u00e9 ces 3 points de la victoire, la premi\u00e8re tout au long des derni\u00e8res \u00e9ditions de la CAN.<\/p>\n<p class=\"c4\">Aussi cette victoire douloureuse, courte mais combien pr\u00e9cieuse m\u00eame au d\u00e9triment d\u2019une modeste formation de Namibie, serait de nature \u00e0 redonner confiance \u00e0 l\u2019\u00e9quipe du Maroc qui n\u2019arrive toujours pas encore \u00e0 convaincre. Car, techniquement parlant, cette premi\u00e8re sortie n\u2019a valu que par sa victoire tomb\u00e9e du ciel en faveur du Maroc qui devra bien n\u00e9gocier les deux prochains matches de la phase de poules contre des adversaires plus aguerris, cette fois, la C\u00f4te d\u2019Ivoire le vendredi 28 juin et l\u2019Afrique du sud le 1<sup>er<\/sup> juillet prochain. Cela afin de se qualifier en t\u00eate de son groupe dans cette CAN \u00e0 24 \u00e9quipes o\u00f9 les choses s\u00e9rieuses commenceront d\u00e8s le 2<sup>e<\/sup> tour.<\/p>\n<p class=\"c4\">Le Onze national compos\u00e9 dans une majorit\u00e9 absolue des joueurs \u00e9trangers et sans aucun botoliste, est donc appel\u00e9 \u00e0 vaincre et convaincre dans l\u2019espoir d\u2019aller jusqu\u2019au bout dans cette CAN. Donn\u00e9s parmi les favoris du sacre final, les Lions du s\u00e9lectionneur national, Herv\u00e9 Renard, ont plusieurs atouts pour honorer leur mission dont le public marocain pr\u00e9sent en grandes masses en Egypte avec notamment ceux des clubs du Raja et Wydad Casablanca, FUS Rabat, AS FAR, MAT\u2026<\/p>\n<p class=\"c4\"><strong>Alors, bonne chance et bonne continuation les Lions\u2026<\/strong><\/p>\n<p class=\"c5\"><strong>Rachid Lebchir<\/strong><\/p>\n<p>Auteur: rahal mehamed<br \/>\n<a href=\"http:\/\/albayane.press.ma\/le-maroc-entame-la-can-sur-une-victoire-a-larrachee.html\">Cliquez ici pour lire l&rsquo;article depuis sa source.<\/a><\/p>\n","protected":false},"excerpt":{"rendered":"<p>L\u2019\u00e9quipe nationale a fait l\u2019essentiel en s\u2019imposant dans son premier match de la CAN 2019 face \u00e0 son homologue namibienne sur un petit score de (1-0). Un joueur namibien s\u2019est charg\u00e9 pour marquer, contre son camp, le seul but de la partie en fin du match au grand bonheur des Lions qui doivent s\u2019estimer heureux [&hellip;]<\/p>\n","protected":false},"author":1760,"featured_media":0,"comment_status":"closed","ping_status":"closed","sticky":false,"template":"","format":"standard","meta":{"fifu_image_url":"","fifu_image_alt":"","footnotes":""},"categories":[73,54],"tags":[],"class_list":["post-42485","post","type-post","status-publish","format-standard","hentry","category-actualite","category-maroc"],"_links":{"self":[{"href":"https:\/\/linitiative.ca\/International\/wp-json\/wp\/v2\/posts\/42485","targetHints":{"allow":["GET"]}}],"collection":[{"href":"https:\/\/linitiative.ca\/International\/wp-json\/wp\/v2\/posts"}],"about":[{"href":"https:\/\/linitiative.ca\/International\/wp-json\/wp\/v2\/types\/post"}],"author":[{"embeddable":true,"href":"https:\/\/linitiative.ca\/International\/wp-json\/wp\/v2\/users\/1760"}],"replies":[{"embeddable":true,"href":"https:\/\/linitiative.ca\/International\/wp-json\/wp\/v2\/comments?post=42485"}],"version-history":[{"count":0,"href":"https:\/\/linitiative.ca\/International\/wp-json\/wp\/v2\/posts\/42485\/revisions"}],"wp:attachment":[{"href":"https:\/\/linitiative.ca\/International\/wp-json\/wp\/v2\/media?parent=42485"}],"wp:term":[{"taxonomy":"category","embeddable":true,"href":"https:\/\/linitiative.ca\/International\/wp-json\/wp\/v2\/categories?post=42485"},{"taxonomy":"post_tag","embeddable":true,"href":"https:\/\/linitiative.ca\/International\/wp-json\/wp\/v2\/tags?post=42485"}],"curies":[{"name":"wp","href":"https:\/\/api.w.org\/{rel}","templated":true}]}}