{"id":42486,"date":"2019-06-25T06:12:36","date_gmt":"2019-06-25T10:12:36","guid":{"rendered":"https:\/\/linitiative.ca\/International\/un-air-de-musique-souffle-sur-le-royaume\/"},"modified":"2019-06-25T06:12:36","modified_gmt":"2019-06-25T10:12:36","slug":"un-air-de-musique-souffle-sur-le-royaume","status":"publish","type":"post","link":"https:\/\/linitiative.ca\/International\/un-air-de-musique-souffle-sur-le-royaume\/","title":{"rendered":"Un air de musique souffle sur le Royaume"},"content":{"rendered":"<p class=\"c4\"><strong><span class=\"c3\"><span class=\"c2\"><img loading=\"lazy\" decoding=\"async\" class=\"size-medium wp-image-79593 alignright\" src=\"http:\/\/albayane.press.ma\/wp-content\/uploads\/ouverture-1-14-230x130.jpg\" alt=\"\" width=\"230\" height=\"130\"\/>L<\/span>a saison estivale s\u2019approche \u00e0 grands pas. En effet, il n\u2019y a pas mieux que la musique pour ouvrir en grande pompe le bal\u00a0 de la saison des festivals musicaux. \u00c0\u00a0 vrai dire, les villes marocaines vibrent ces derniers jours aux rythmes de\u00a0 divers styles musicaux et artistiques.<\/span><\/strong><\/p>\n<p class=\"c4\">\u00c0 la ville de Mogador, Essaouira, une pluie d\u2019artistes et de musiciens\u00a0 ont\u00a0 fait\u00a0 bouger les remparts de la cit\u00e9 des Aliz\u00e9s\u00a0 du 20 au 23 juin dans le cadre du\u00a0 Festival Gnaoua et musiques du monde. Le concert de la soir\u00e9e d\u2019ouverture de la 22\u00e8me \u00e9dition de cette manifestation musicale d\u2019envergure a \u00e9t\u00e9 donn\u00e9 avec brio le Cubain Osain del Monte et le Marocain M\u00e2allam Hassan Boussou. Deux grandes voix de la musique mondiale!<\/p>\n<p class=\"c4\">En outre,\u00a0 ce temps musical fort auquel de nombreux m\u00e9lomanes et amoureux de la ville et des musique du monde a \u00e9t\u00e9 ponctu\u00e9 par des m\u00e9lodies et des musiques m\u00e9tiss\u00e9es avec les vents et l\u2019\u00e2me de la ville. Par ailleurs, sur la grande sc\u00e8ne de la Place Moulay El Hassan, des figures embl\u00e9matiques de la musique telles que\u00a0 les M\u00e2alem Majid Bekkas, Hassan Hakmoun, le groupe mythique Tinariwen et le Ma\u00eetre gnaoui M\u00e2allem Baqbou ont livr\u00e9 des concerts \u00e9lectriques pleins d\u2019\u00e9nergie et de rythmes au plaisir du grand public.<\/p>\n<p class=\"c4\">La ville de F\u00e8s a eu \u00e9galement sa part de la programmation musicale. Le Festival des musiques sacr\u00e9es a invit\u00e9 cette ann\u00e9e une pl\u00e9iade d\u2019artistes qui\u00a0 se sont produits sur les diff\u00e9rentes sc\u00e8nes de la ville en l\u2019occurrence de Sami Yusuf, Marcel Khalifa, le groupe Bahariyya et bien d\u2019autres. Une bouff\u00e9e d\u2019air pour la population et la ville.<\/p>\n<p class=\"c4\">Tr\u00e8s attendu par les f\u00e9rus des rythmes du monde, la capitale du royaume, Rabat, abrite la 18\u00e8me \u00e9dition du Festival Mawazine-Rythmes du Monde jusqu\u2019au au 29 juin courant. 18 ans d\u2019existence d\u00e9j\u00e0\u2026 et ce rendez-vous musical continue \u00e0 attirer des mar\u00e9es humaines qui affluent\u00a0 chaque soir aux diff\u00e9rentes sc\u00e8nes \u00e0\u00a0 savoir la sc\u00e8ne du Bouregreg c\u00e9l\u00e9brant la musique africaine, l\u2019espace Nahda rendant hommage aux voix et chansons orientales, la sc\u00e8ne de Sal\u00e9 f\u00eatant\u00a0 la musique marocaine,\u00a0 sans oublier la fameuse sc\u00e8ne OLM-Souissi qui s\u00e9duit chaque ann\u00e9e \u00a0les grands noms de la musique internationale.<\/p>\n<p class=\"c4\"><img loading=\"lazy\" decoding=\"async\" class=\" wp-image-79594 alignleft\" src=\"http:\/\/albayane.press.ma\/wp-content\/uploads\/ouverture-2-5-230x130.jpg\" alt=\"\" width=\"221\" height=\"125\"\/>Et pour f\u00eater en beaut\u00e9 en beaut\u00e9\u00a0 la Journ\u00e9e internationale de la musique, la 5e \u00e9dition de la Nuit \u00e9lectronique de l\u2019Institut fran\u00e7ais du Maroc qui se tiendra du 26 juin au 4 juillet dans les villes\u00a0 d\u2019Agadir, Casablanca, Marrakech, Rabat et Tanger sera marqu\u00e9e par \u00a0la \u00ab\u00a0French Touch\u00a0\u00bb avec les sons de trois DJs fran\u00e7ais, \u00e0 savoir Danger, Chlo\u00e9 et Mangabey, qui seront suivis sur sc\u00e8ne par des DJs marocains locaux (Mr. ID, Maou, LadyGoule, MMMC et Ojoo Gyal).<\/p>\n<p class=\"c4\">\u00abCette manifestation, qui constitue une occasion pour les passionn\u00e9s et les amateurs de se r\u00e9unir autour des platines au rythme de nouveaux sons pointus et de partager la piste de danse, sera l\u2019occasion pour le public de d\u00e9couvrir des DJs de renom des sc\u00e8nes \u00e9lectroniques fran\u00e7aises et marocaines\u00bb, soulignent les initiateurs de cet \u00e9v\u00e9nement.<\/p>\n<p class=\"c4\">De nombreux rendez-vous musicaux font vibrer les amoureux de la musique dans les quatre coins du pays.<\/p>\n<p class=\"c5\"><strong>Mohamed Nait Youssef<\/strong><\/p>\n<p>Auteur: rahal mehamed<br \/>\n<a href=\"http:\/\/albayane.press.ma\/un-air-de-musique-souffle-sur-le-royaume.html\">Cliquez ici pour lire l&rsquo;article depuis sa source.<\/a><\/p>\n","protected":false},"excerpt":{"rendered":"<p>La saison estivale s\u2019approche \u00e0 grands pas. En effet, il n\u2019y a pas mieux que la musique pour ouvrir en grande pompe le bal\u00a0 de la saison des festivals musicaux. \u00c0\u00a0 vrai dire, les villes marocaines vibrent ces derniers jours aux rythmes de\u00a0 divers styles musicaux et artistiques. \u00c0 la ville de Mogador, Essaouira, une [&hellip;]<\/p>\n","protected":false},"author":1760,"featured_media":42487,"comment_status":"closed","ping_status":"closed","sticky":false,"template":"","format":"standard","meta":{"fifu_image_url":"","fifu_image_alt":"","footnotes":""},"categories":[73,54],"tags":[],"class_list":["post-42486","post","type-post","status-publish","format-standard","has-post-thumbnail","hentry","category-actualite","category-maroc"],"_links":{"self":[{"href":"https:\/\/linitiative.ca\/International\/wp-json\/wp\/v2\/posts\/42486","targetHints":{"allow":["GET"]}}],"collection":[{"href":"https:\/\/linitiative.ca\/International\/wp-json\/wp\/v2\/posts"}],"about":[{"href":"https:\/\/linitiative.ca\/International\/wp-json\/wp\/v2\/types\/post"}],"author":[{"embeddable":true,"href":"https:\/\/linitiative.ca\/International\/wp-json\/wp\/v2\/users\/1760"}],"replies":[{"embeddable":true,"href":"https:\/\/linitiative.ca\/International\/wp-json\/wp\/v2\/comments?post=42486"}],"version-history":[{"count":0,"href":"https:\/\/linitiative.ca\/International\/wp-json\/wp\/v2\/posts\/42486\/revisions"}],"wp:featuredmedia":[{"embeddable":true,"href":"https:\/\/linitiative.ca\/International\/wp-json\/"}],"wp:attachment":[{"href":"https:\/\/linitiative.ca\/International\/wp-json\/wp\/v2\/media?parent=42486"}],"wp:term":[{"taxonomy":"category","embeddable":true,"href":"https:\/\/linitiative.ca\/International\/wp-json\/wp\/v2\/categories?post=42486"},{"taxonomy":"post_tag","embeddable":true,"href":"https:\/\/linitiative.ca\/International\/wp-json\/wp\/v2\/tags?post=42486"}],"curies":[{"name":"wp","href":"https:\/\/api.w.org\/{rel}","templated":true}]}}