{"id":42488,"date":"2019-06-25T06:27:58","date_gmt":"2019-06-25T10:27:58","guid":{"rendered":"https:\/\/linitiative.ca\/International\/coup-detat-avorte-en-ethiopie\/"},"modified":"2019-06-25T06:27:58","modified_gmt":"2019-06-25T10:27:58","slug":"coup-detat-avorte-en-ethiopie","status":"publish","type":"post","link":"https:\/\/linitiative.ca\/International\/coup-detat-avorte-en-ethiopie\/","title":{"rendered":"Coup d\u2019Etat avort\u00e9 en Ethiopie"},"content":{"rendered":"<p class=\"c4\"><span class=\"c3\"><strong>\u00ab<span class=\"c2\">U<\/span>ne tentative orchestr\u00e9e de coup d\u2019Etat s\u2019est produite contre l\u2019ex\u00e9cutif du gouvernement r\u00e9gional de l\u2019Amhara\u00bb, la deuxi\u00e8me r\u00e9gion la plus peupl\u00e9e de l\u2019Ethiopie, au nord-ouest d\u2019Addis-Abeba.<\/strong><\/span><\/p>\n<p class=\"c4\">C\u2019est ce qui ressort d\u2019un communiqu\u00e9 \u00e9manant du bureau du chef du gouvernement \u00e9thiopien en date de ce dimanche matin, \u00e0 la lecture duquel on apprend,\u00a0 \u00e9galement, que le pr\u00e9sident de la r\u00e9gion de l\u2019Amhara ainsi qu\u2019un de ses conseillers ont succomb\u00e9 \u00e0 leurs blessures alors qu\u2019un autre haut responsable r\u00e9gional aurait \u00e9t\u00e9 gri\u00e8vement bless\u00e9. Donnant de plus amples renseignements, le porte-parole du gouvernement a d\u00e9clar\u00e9 qu\u2019un \u00abcommando de tueurs\u00bb avait vis\u00e9 une r\u00e9union de hauts responsables locaux.<\/p>\n<p class=\"c4\">Cette tentative de coup d\u2019Etat se serait d\u00e9roul\u00e9e en deux phases. Ainsi, dans une premi\u00e8re \u00e9tape ayant eu lieu samedi, en d\u00e9but d\u2019apr\u00e8s-midi, un \u00abcommando de tueurs\u00bb dirig\u00e9 par le chef de la s\u00e9curit\u00e9 de l\u2019Amhara, toujours en fuite \u00e0 l\u2019heure qu\u2019il est,\u00a0 aurait fait irruption dans la salle o\u00f9 se r\u00e9unissaient plusieurs responsables locaux et bless\u00e9 mortellement le pr\u00e9sident de la r\u00e9gion ainsi qu\u2019un de ses conseillers. Un autre dirigeant local aurait \u00e9galement \u00e9t\u00e9 gri\u00e8vement bless\u00e9. Quelques heures plus tard, ce fut au tour du G\u00e9n\u00e9ral Seare Mekonnen, le chef d\u2019Etat Major de l\u2019arm\u00e9e \u00e9thiopienne, d\u2019\u00eatre assassin\u00e9, \u00e0 son domicile, par son propre garde du corps, arr\u00eat\u00e9 peu de temps apr\u00e8s les faits.<\/p>\n<p class=\"c4\">Apparaissant \u00e0 la t\u00e9l\u00e9vision en uniforme militaire pendant qu\u2019un communiqu\u00e9 de la primature annon\u00e7ait que la \u00abtentative de coup d\u2019Etat\u00bb, \u00abcondamnable\u00bb, \u00abcontraire \u00e0 la Constitution\u00bb et visant \u00ab\u00e0 saborder la paix ch\u00e8rement acquise dans la r\u00e9gion\u00bb ayant eu lieu dans la nuit de samedi \u00e0 dimanche n\u2019est pas arriv\u00e9e \u00e0 ses fins et que \u00ab la situation dans la r\u00e9gion d\u2019Amhara est totalement sous le contr\u00f4le du gouvernement f\u00e9d\u00e9ral en coop\u00e9ration avec le gouvernement r\u00e9gional \u00bb, le jeune premier ministre r\u00e9formateur Abiy Ahmed semble n\u2019\u00eatre toujours pas parvenu \u00e0 apaiser les tensions qui sapent l\u2019unit\u00e9 du pays quatorze mois apr\u00e8s sa prise de fonction.<\/p>\n<p class=\"c4\">Pour rappel, d\u00e8s son arriv\u00e9e, en Avril 2018, \u00e0 la t\u00eate d\u2019un pays \u00abmosa\u00efque\u00bb de plus de 100 millions d\u2019habitants o\u00f9 les fortes tensions inter-ethniques sont sources de violences et de d\u00e9placements massifs de populations, Abiy Ahmed, n\u00e9 en 1976, s\u2019est attel\u00e9 \u00e0 asseoir la paix avec le voisin \u00e9rythr\u00e9en et \u00e0 mettre en \u0153uvre tout un train de r\u00e9formes \u00e9conomiques ayant trait notamment \u00e0 la possession des terres et \u00e0 l\u2019utilisation des ressources.<\/p>\n<p class=\"c4\">D\u00e9sireux de d\u00e9mocratiser le pays, le nouveau Premier ministre a s\u00e9v\u00e8rement r\u00e9prim\u00e9 les atteintes aux droits humains qui \u00e9taient de mise en Ethiopie en arr\u00eatant plusieurs responsables de l\u2019arm\u00e9e et des services de renseignements, en l\u00e9galisant certains groupes dissidents et en essayant m\u00eame de donner un s\u00e9rieux coup de pouce \u00e0 la libert\u00e9 de la presse. Autant de faits qui n\u2019ont fait que lui attirer les foudres des adeptes de la \u00abligne dure\u00bb.<\/p>\n<p class=\"c4\">Enfin, si avant la tentative de coup d\u2019Etat de ce samedi, le Premier ministre \u00e9thiopien avait d\u00e9j\u00e0 fait l\u2019objet, pendant un meeting en Juin 2018, d\u2019une attaque \u00e0 la grenade au cours de laquelle deux personnes avaient perdues la vie, il semble bien que la volont\u00e9 de ce dernier de d\u00e9mocratiser l\u2019Ethiopie va incontestablement se heurter, pendant longtemps encore, aux divergences d\u2019int\u00e9r\u00eats des diff\u00e9rentes ethnies qui composent la mosa\u00efque \u00e9thiopienne. Quoiqu\u2019il en soit, attendons pour voir\u2026<\/p>\n<p class=\"c5\"><strong>Nabil El Bousaadi<\/strong><\/p>\n<p>Auteur: rahal mehamed<br \/>\n<a href=\"http:\/\/albayane.press.ma\/coup-detat-avorte-en-ethiopie.html\">Cliquez ici pour lire l&rsquo;article depuis sa source.<\/a><\/p>\n","protected":false},"excerpt":{"rendered":"<p>\u00abUne tentative orchestr\u00e9e de coup d\u2019Etat s\u2019est produite contre l\u2019ex\u00e9cutif du gouvernement r\u00e9gional de l\u2019Amhara\u00bb, la deuxi\u00e8me r\u00e9gion la plus peupl\u00e9e de l\u2019Ethiopie, au nord-ouest d\u2019Addis-Abeba. C\u2019est ce qui ressort d\u2019un communiqu\u00e9 \u00e9manant du bureau du chef du gouvernement \u00e9thiopien en date de ce dimanche matin, \u00e0 la lecture duquel on apprend,\u00a0 \u00e9galement, que le [&hellip;]<\/p>\n","protected":false},"author":1760,"featured_media":0,"comment_status":"closed","ping_status":"closed","sticky":false,"template":"","format":"standard","meta":{"fifu_image_url":"","fifu_image_alt":"","footnotes":""},"categories":[73,54],"tags":[],"class_list":["post-42488","post","type-post","status-publish","format-standard","hentry","category-actualite","category-maroc"],"_links":{"self":[{"href":"https:\/\/linitiative.ca\/International\/wp-json\/wp\/v2\/posts\/42488","targetHints":{"allow":["GET"]}}],"collection":[{"href":"https:\/\/linitiative.ca\/International\/wp-json\/wp\/v2\/posts"}],"about":[{"href":"https:\/\/linitiative.ca\/International\/wp-json\/wp\/v2\/types\/post"}],"author":[{"embeddable":true,"href":"https:\/\/linitiative.ca\/International\/wp-json\/wp\/v2\/users\/1760"}],"replies":[{"embeddable":true,"href":"https:\/\/linitiative.ca\/International\/wp-json\/wp\/v2\/comments?post=42488"}],"version-history":[{"count":0,"href":"https:\/\/linitiative.ca\/International\/wp-json\/wp\/v2\/posts\/42488\/revisions"}],"wp:attachment":[{"href":"https:\/\/linitiative.ca\/International\/wp-json\/wp\/v2\/media?parent=42488"}],"wp:term":[{"taxonomy":"category","embeddable":true,"href":"https:\/\/linitiative.ca\/International\/wp-json\/wp\/v2\/categories?post=42488"},{"taxonomy":"post_tag","embeddable":true,"href":"https:\/\/linitiative.ca\/International\/wp-json\/wp\/v2\/tags?post=42488"}],"curies":[{"name":"wp","href":"https:\/\/api.w.org\/{rel}","templated":true}]}}