{"id":42489,"date":"2019-06-25T08:05:37","date_gmt":"2019-06-25T12:05:37","guid":{"rendered":"https:\/\/linitiative.ca\/International\/decentralisation-et-developpement-regional-promesses-a-satisfaire-et-programmes-loin-detre-realistes\/"},"modified":"2019-06-25T08:05:37","modified_gmt":"2019-06-25T12:05:37","slug":"decentralisation-et-developpement-regional-promesses-a-satisfaire-et-programmes-loin-detre-realistes","status":"publish","type":"post","link":"https:\/\/linitiative.ca\/International\/decentralisation-et-developpement-regional-promesses-a-satisfaire-et-programmes-loin-detre-realistes\/","title":{"rendered":"D\u00e9centralisation et d\u00e9veloppement r\u00e9gional: Promesses \u00e0 satisfaire et programmes loin d\u2019\u00eatre r\u00e9alistes"},"content":{"rendered":"<p class=\"c1\"><strong><em>Les programmes de d\u00e9veloppement r\u00e9gional ne semblent pas avoir connaissance qu\u2019il existe en Tunisie, depuis la R\u00e9volution, le principe de la discrimination positive, avec un ministre de D\u00e9veloppement, d\u2019investissement et de coop\u00e9ration internationale toujours orient\u00e9 vers les zones c\u00f4ti\u00e8res, alors que le sud et le nord-ouest du pays ne b\u00e9n\u00e9ficient pas de cette m\u00eame sollicitude. Comme preuve, on a, rarement, vu M. Zied Ladhari effectuer une visite de travail dans les gouverneras d\u00e9sh\u00e9rit\u00e9s et qui, pourtant, n\u00e9cessitent une attention particuli\u00e8re.<\/em><\/strong><\/p>\n<p>Le ministre du D\u00e9veloppement, de l\u2019Investissement et de la coop\u00e9ration internationale, Zied Ladhari, vient d\u2019effectuer une \u00e9ni\u00e8me visite au gouvernorat de Sousse, alors que son attention doit \u00eatre orient\u00e9e vers les autres gouvernorats int\u00e9rieurs qui attendent que les pouvoirs publics leur accordent un minimum d\u2019attention.<\/p>\n<p>Il a fait savoir, vendredi dernier, que l\u2019Etat a r\u00e9serv\u00e9 une enveloppe, dans le cadre du programme de coop\u00e9ration internationale, pour appuyer les projets r\u00e9gionaux et les programmes d\u2019investissement municipal dans les diff\u00e9rentes r\u00e9gions du pays. A voir o\u00f9 il a fait cette d\u00e9claration, et loin de tout r\u00e9gionalisme, il est difficile de ne pas croire que l\u2019honorable ministre accordera la part du lion \u00e0 la zone c\u00f4ti\u00e8re.<\/p>\n<p>Il a soulign\u00e9, dans ce cadre, que le programme d\u2019appui de la d\u00e9centralisation a consacr\u00e9 une enveloppe de 104 millions de dinars (MD) au profit de 31 nouvelles municipalit\u00e9s, alors qu\u2019une partie de la deuxi\u00e8me tranche du pr\u00eat de la Banque Mondiale (150 MD) a \u00e9t\u00e9 r\u00e9serv\u00e9e au financement d\u2019un nombre de projets et programmes municipaux.<\/p>\n<p>C\u2019est bien de faire des promesses, mais lorsqu\u2019on sait que l\u2019Etat a besoin de plus de quatre milliards de dinars, on est certain qu\u2019il serait difficile de respecter ces promesses et que ce sont, simplement des leurres, en attendant des jours meilleurs.<\/p>\n<p>Ladhari a affirm\u00e9, pourtant, lors d\u2019une s\u00e9ance de travail exceptionnelle du conseil r\u00e9gional de D\u00e9veloppement, organis\u00e9e au si\u00e8ge du gouvernorat \u00e0 Sousse, que le programme de d\u00e9veloppement des collectivit\u00e9s locales a consacr\u00e9 un budget de 250 MD, alors que le programme sp\u00e9cifique de maintenance et d\u2019am\u00e9nagement des routes municipales a offert une enveloppe de 484 MD au profit des projets municipaux et r\u00e9gionaux.<\/p>\n<p>Le ministre a r\u00e9it\u00e9r\u00e9 la volont\u00e9 de l\u2019Etat de r\u00e9pondre aux attentes des conseils municipaux, dans les diff\u00e9rentes r\u00e9gions du pays, et d\u2019appuyer les investissements municipaux surtout en ce qui concerne les projets prioritaires.<\/p>\n<p>D\u2019apr\u00e8s lui, la distribution des fonds se fait sur la base de l\u2019indice de d\u00e9veloppement r\u00e9gional, con\u00e7u par des \u00e9tablissements gouvernementaux, ce qui reste \u00e0 voir, alors que de nombreux projets<\/p>\n<p>La directrice r\u00e9gionale du d\u00e9veloppement, Leyla Ben Hafsia, a dress\u00e9 un bilan sur les principaux indicateurs, mettant l\u2019accent sur la hausse du taux de croissance des habitants dans le gouvernorat de Sousse, estim\u00e9e \u00e0 2,17% contre 1,03% \u00e0 l\u2019\u00e9chelle nationale. La ville de Sousse vient en deuxi\u00e8me position \u00e0 l\u2019\u00e9chelle nationale, apr\u00e8s les gouvernorats d\u2019Ariana et de Ben Arous.<\/p>\n<p>Elle occupe \u00e9galement la 12\u00e8me position au niveau de l\u2019indicateur de la pauvret\u00e9, alors que le taux de ch\u00f4mage en 2018, s\u2019\u00e9l\u00e8ve \u00e0 13,8% contre une moyenne nationale de 15,5%.<\/p>\n<p>D\u2019apr\u00e8s elle, les principales probl\u00e9matiques du d\u00e9veloppement, se r\u00e9sument essentiellement en les disparit\u00e9s et les in\u00e9galit\u00e9s de d\u00e9veloppement entre la vocation maritime de district de Sousse et le reste des r\u00e9gions int\u00e9rieures en particuliers et l\u2019\u00e9mergence des quartiers populaires anarchiques limitrophes aux diff\u00e9rentes villes, suite \u00e0 la concentration de la plupart des activit\u00e9s \u00e9conomiques dans le district de Sousse (40% des activit\u00e9s).<\/p>\n<p>Ces probl\u00e8mes se manifestent \u00e9galement \u00e0 travers la d\u00e9gradation de la situation environnementale consistant notamment en la hausse de la gravit\u00e9 de l\u2019\u00e9rosion maritime, le r\u00e9tr\u00e9cissement des surfaces des plages, la pollution maritime, le d\u00e9s\u00e9quilibre \u00e9cologique des lacs, l\u2019amplification du volume des d\u00e9chets m\u00e9nagers, industriels et thermiques, l\u2019agression de la propri\u00e9t\u00e9 publique et la d\u00e9t\u00e9rioration des p\u00e9rim\u00e8tres irrigu\u00e9s.<\/p>\n<p>L\u2019occasion a \u00e9t\u00e9 offerte \u00e9galement pour pr\u00e9senter un ensemble de projets publics bloqu\u00e9s ou ceux qui connaissent une lenteur des travaux dans le gouvernorat de Sousse, en l\u2019occurrence la construction d\u2019une \u00e9cole sup\u00e9rieure des \u00e9tudes commerciales, et un service de la m\u00e9decine dentaire \u00e0 l\u2019h\u00f4pital universitaire, Farhat Hached, Sousse.<\/p>\n<p>Cette r\u00e9union est une occasion pour affirmer que la modestie des enveloppes consacr\u00e9es aux projets de d\u00e9veloppement au gouvernorat de Sousse sous l\u2019effet de la cons\u00e9cration du principe de la description positive a eu un effet n\u00e9gatif sur le rythme de d\u00e9veloppement dans la r\u00e9gion.<\/p>\n<p>Trop de parlotte pour ne rien dire et les r\u00e9sultats doivent se v\u00e9rifier sur le terrain. Comme on l\u2019a dit \u00e0 maintes reprises, le bilan de ce minist\u00e8re est loin d\u2019\u00eatre florissant et le pays stagne dans la baisse des investissements, l\u2019absence totale de d\u00e9veloppement r\u00e9gional et de cr\u00e9ation d\u2019emploi, en plus d\u2019un t\u00e2tonnement douteux dans le choix des programmes \u00e0 r\u00e9aliser.<\/p>\n<p>Par ailleurs, le ministre a d\u2019autres pr\u00e9occupations que celle du d\u00e9veloppement du pays. En tant que secr\u00e9taire g\u00e9n\u00e9ral du parti Ennahdha, Zied Ladhari a d\u00e9clar\u00e9, dimanche, que son mouvement est concern\u00e9 par la prochaine \u00e9lection pr\u00e9sidentielle et aura une position claire sur cette question contrairement aux \u00e9lections de 2014. Bien s\u00fbr, sa principale pr\u00e9occupation est de garder ses privil\u00e8ges, en tant que membre du parti islamiste. Par cons\u00e9quent, il ne peut que faire que ce qui sert son parti.<\/p>\n<p>Dans une d\u00e9claration, en marge de la r\u00e9union \u00e9lectorale pr\u00e9paratoire pour choisir les candidats d\u2019Ennahdha aux prochaines \u00e9lections l\u00e9gislatives dans la circonscription de Sfax 1, Laadhari a fait savoir que les structures du mouvement d\u00e9cideront, lors de concertations qui seront men\u00e9es au cours de cet \u00e9t\u00e9, de choisir pour la pr\u00e9sidentielle, un candidat issu du parti Ennahdha ou de soutenir une personnalit\u00e9 qui n\u2019appartient pas \u00e0 ce mouvement.<\/p>\n<p>Il a, d\u2019autre part, fait savoir que les r\u00e9unions \u00e9lectorales pr\u00e9paratoires r\u00e9gionales qui ont d\u00e9marr\u00e9 le 2 juin 2019 pour se poursuivre jusqu\u2019au 16 du m\u00eame mois pour choisir les listes du parti aux prochaines \u00e9lections l\u00e9gislatives (octobre 2019), s\u2019inscrivent dans le cadre de la cons\u00e9cration du principe de la d\u00e9mocratie participative.<\/p>\n<p>Les \u00e9lections primaires des candidats du mouvement Ennahdha de Sfax 1 et Sfax 2 aux prochaines \u00e9lections l\u00e9gislatives aboutiront \u00e0 l\u2019\u00e9lection d\u2019une liste de sept membres pour la circonscription de Sfax 1 et d\u2019une liste de neuf membres pour la circonscription de Sfax 2, en plus d\u2019une liste \u00e9lectorale compl\u00e9mentaire pour les deux circonscriptions.<\/p>\n<p>Bien s\u00fbr, maintenant, on doit attendre les prochaines \u00e9lections, afin de voir un peu plus clair, si quelque chose peut bien marcher en Tunisie<\/p>\n<p>L\u00e9gende\u00a0:<\/p>\n<ul>\n<li>La grogne s\u2019amplifie dans les r\u00e9gions int\u00e9rieures, avec le mouvement Ennahdha qui est aux commandes et qui distribue la manne \u00e0 ceux qui sont avec lui<\/li>\n<\/ul>\n<p class=\"dpsp-share-text\">Partager c&rsquo;est aimer!<\/p>\n<div class=\"wp-post-author-wrap wp-post-author-shortcode left\">\n<h3 class=\"awpa-title\"\/>\n<div class=\"wp-post-author\">\n<div class=\"awpa-img awpa-author-block square\"><a href=\"http:\/\/lexpertjournal.net\/fr\/author\/expert\/\"><img loading=\"lazy\" decoding=\"async\" alt=\"\" src=\"http:\/\/2.gravatar.com\/avatar\/56d99be2a6f97af88ccb49fada637fcd?s=150&#038;d=mm&#038;r=g\" srcset=\"http:\/\/2.gravatar.com\/avatar\/56d99be2a6f97af88ccb49fada637fcd?s=300&#038;d=mm&#038;r=g 2x\" class=\"avatar avatar-150 photo\" height=\"150\" width=\"150\"\/><\/a><\/div>\n<\/div>\n<\/div>\n<p>Auteur: L&rsquo;expert<br \/>\n<a href=\"http:\/\/lexpertjournal.net\/fr\/2019\/06\/25\/decentralisation-et-developpement-regional-promesses-a-satisfaire-et-programmes-loin-detre-realistes\/\">Cliquez ici pour lire l&rsquo;article depuis sa source.<\/a><\/p>\n","protected":false},"excerpt":{"rendered":"<p>Les programmes de d\u00e9veloppement r\u00e9gional ne semblent pas avoir connaissance qu\u2019il existe en Tunisie, depuis la R\u00e9volution, le principe de la discrimination positive, avec un ministre de D\u00e9veloppement, d\u2019investissement et de coop\u00e9ration internationale toujours orient\u00e9 vers les zones c\u00f4ti\u00e8res, alors que le sud et le nord-ouest du pays ne b\u00e9n\u00e9ficient pas de cette m\u00eame sollicitude. [&hellip;]<\/p>\n","protected":false},"author":1775,"featured_media":0,"comment_status":"closed","ping_status":"closed","sticky":false,"template":"","format":"standard","meta":{"fifu_image_url":"","fifu_image_alt":"","footnotes":""},"categories":[78,55],"tags":[],"class_list":["post-42489","post","type-post","status-publish","format-standard","hentry","category-economie","category-tunisie"],"_links":{"self":[{"href":"https:\/\/linitiative.ca\/International\/wp-json\/wp\/v2\/posts\/42489","targetHints":{"allow":["GET"]}}],"collection":[{"href":"https:\/\/linitiative.ca\/International\/wp-json\/wp\/v2\/posts"}],"about":[{"href":"https:\/\/linitiative.ca\/International\/wp-json\/wp\/v2\/types\/post"}],"author":[{"embeddable":true,"href":"https:\/\/linitiative.ca\/International\/wp-json\/wp\/v2\/users\/1775"}],"replies":[{"embeddable":true,"href":"https:\/\/linitiative.ca\/International\/wp-json\/wp\/v2\/comments?post=42489"}],"version-history":[{"count":0,"href":"https:\/\/linitiative.ca\/International\/wp-json\/wp\/v2\/posts\/42489\/revisions"}],"wp:attachment":[{"href":"https:\/\/linitiative.ca\/International\/wp-json\/wp\/v2\/media?parent=42489"}],"wp:term":[{"taxonomy":"category","embeddable":true,"href":"https:\/\/linitiative.ca\/International\/wp-json\/wp\/v2\/categories?post=42489"},{"taxonomy":"post_tag","embeddable":true,"href":"https:\/\/linitiative.ca\/International\/wp-json\/wp\/v2\/tags?post=42489"}],"curies":[{"name":"wp","href":"https:\/\/api.w.org\/{rel}","templated":true}]}}