{"id":42495,"date":"2019-06-25T08:30:27","date_gmt":"2019-06-25T12:30:27","guid":{"rendered":"https:\/\/linitiative.ca\/International\/la-tunisie-elue-membre-non-permanent-au-conseil-de-securite-une-diplomatie-active-et-des-opportunites-pour-redorer-limage-du-pays\/"},"modified":"2019-06-25T08:30:27","modified_gmt":"2019-06-25T12:30:27","slug":"la-tunisie-elue-membre-non-permanent-au-conseil-de-securite-une-diplomatie-active-et-des-opportunites-pour-redorer-limage-du-pays","status":"publish","type":"post","link":"https:\/\/linitiative.ca\/International\/la-tunisie-elue-membre-non-permanent-au-conseil-de-securite-une-diplomatie-active-et-des-opportunites-pour-redorer-limage-du-pays\/","title":{"rendered":"La Tunisie \u00e9lue membre non-permanent au Conseil de s\u00e9curit\u00e9 Une diplomatie active et des opportunit\u00e9s pour redorer l\u2019image du pays"},"content":{"rendered":"<p class=\"c1\"><strong><em>Malgr\u00e9 les errements des derni\u00e8res ann\u00e9es, la diplomatie tunisienne n\u2019a pas perdu ses rep\u00e8res et a vite fait de rena\u00eetre de ses cendres de regagner le terrain perdu, surtout que la communaut\u00e9 internationale a, de tous temps, gard\u00e9 du respect pour la politique<\/em><\/strong><\/p>\n<p><strong><em>\u00e9trang\u00e8re de la Tunisie. Il est n\u00e9cessaire de se rappeler, dans ce sens, les choix judicieux du leader Habib Bourguiba qui avait, toujours, su placer l\u2019homme qu\u2019il faut \u00e0 la place qu\u2019il faut, sans complaisance ni favoritisme, surtout au moment o\u00f9 le pays ne comptait pas, encore, de nombreuses comp\u00e9tences.<\/em><\/strong><\/p>\n<div class=\"wp-block-image\"><img loading=\"lazy\" decoding=\"async\" src=\"http:\/\/lexpertjournal.net\/fr\/wp-content\/uploads\/sites\/2\/2019\/06\/Conseil-de-se%CC%81curite%CC%81.jpg\" alt=\"\" class=\"wp-image-8348\" width=\"322\" height=\"161\" srcset=\"http:\/\/lexpertjournal.net\/fr\/wp-content\/uploads\/sites\/2\/2019\/06\/Conseil-de-se\u0301curite\u0301.jpg 350w, http:\/\/lexpertjournal.net\/fr\/wp-content\/uploads\/sites\/2\/2019\/06\/Conseil-de-se\u0301curite\u0301-300x150.jpg 300w\" sizes=\"auto, (max-width: 322px) 100vw, 322px\"\/><strong>Une nouvelle reconnaissance pour la diplomatie tunisienne<\/strong><\/div>\n<p>La Tunisie vient d\u2019\u00eatre \u00e9lue, vendredi dernier, par l\u2019Assembl\u00e9e g\u00e9n\u00e9rale des Nations Unies \u00e0 New York, membre non-permanent au Conseil de s\u00e9curit\u00e9 pour le mandat 2020-2021 avec 191 voix sur un total de 193 pays membres de l\u2019organisation onusienne.<\/p>\n<p>La Tunisie est \u00e9lue \u00e0 ce poste pour la quatri\u00e8me fois. Les pr\u00e9c\u00e9dents mandats au cours desquels la Tunisie a occup\u00e9 le poste de membre non-permanent sont les suivants : (1959-1960), (1980-1981), (2000-2001)<\/p>\n<p>Cette \u00e9lection refl\u00e8te le respect dont b\u00e9n\u00e9ficie la Tunisie sur la sc\u00e8ne internationale forte en cela de sa politique \u00e9trang\u00e8re et de sa capacit\u00e9 \u00e0 relever les d\u00e9fis et \u00e0 renforcer la paix et la s\u00e9curit\u00e9 dans le monde, lit-on dans un communiqu\u00e9 du minist\u00e8re des Affaires \u00e9trang\u00e8res.<\/p>\n<p>La Tunisie est la seule candidate au si\u00e8ge de membre non-permanent au Conseil de s\u00e9curit\u00e9 des Nations Unies dans la r\u00e9gion de l\u2019Afrique du Nord pour la p\u00e9riode 2020-2021.<\/p>\n<p>Six pays, dont la Tunisie, ont pr\u00e9sent\u00e9 leurs dossiers de candidature pour occuper 5 si\u00e8ges non-permanents pour la p\u00e9riode 2020-2021.<\/p>\n<p>La Tunisie s\u2019engage, durant son mandat, comme elle l\u2019a fait durant les pr\u00e9c\u00e9dents mandats, \u00e0 soutenir l\u2019action collective afin de promouvoir la paix et la s\u00e9curit\u00e9 dans le monde, r\u00e9aliser le d\u00e9veloppement durable en faveur des peuples et b\u00e2tir des ponts de confiance, de dialogue, de solidarit\u00e9 et de coop\u00e9ration entre tous les pays membres, ajoute le communiqu\u00e9.<\/p>\n<p>La Tunisie sera la voix arabe et africaine et veillera \u00e0 d\u00e9fendre les positions communes sur les questions qui concernent les deux entit\u00e9s au Conseil de s\u00e9curit\u00e9, dont en premier lieu la cause palestinienne juste, fait valoir le minist\u00e8re des Affaires \u00e9trang\u00e8res, affirmant que des efforts seront d\u00e9ploy\u00e9s pour trouver des solutions pacifiques, \u00e9quitables et durables pour les autres questions internationales en suspens conform\u00e9ment aux exigences de la l\u00e9galit\u00e9 internationale et du droit international.<\/p>\n<p>Parmi les principales priorit\u00e9s de la Tunisie au Conseil de s\u00e9curit\u00e9: interdire le d\u00e9clenchement des conflits, appuyer l\u2019engagement du Conseil \u00e0 trouver des solutions pacifiques aux conflits en cours et renforcer la participation de la femme et des jeunes \u00e0 ces efforts.<\/p>\n<p>Il s\u2019agit \u00e9galement de continuer \u00e0 soutenir le r\u00f4le de l\u2019organisation onusienne en mati\u00e8re de lutte contre le terrorisme et de l\u2019extr\u00e9misme violent et de renforcer l\u2019efficacit\u00e9 des op\u00e9rations de maintien de la paix et de la coop\u00e9ration en faveur du d\u00e9veloppement durable.<\/p>\n<p>Le pr\u00e9sident de la R\u00e9publique B\u00e9ji Ca\u00efd Essebsi a adress\u00e9, \u00e0 ce propos, un message au ministre des Affaires \u00e9trang\u00e8res, Kh\u00e9maies Jhinaoui \u00e0 la suite de cette \u00e9lection.<\/p>\n<p>Dans ce message, le pr\u00e9sident de la R\u00e9publique exprime ses profonds remerciements au ministre des Affaires \u00e9trang\u00e8res et \u00e0 la famille diplomatique tunisienne \u00ab pour leurs efforts et leur pers\u00e9v\u00e9rance ayant \u00e9t\u00e9 couronn\u00e9s par l\u2019\u00e9lection de la Tunisie \u00e0 ce poste important pour la quatri\u00e8me fois \u00bb.<\/p>\n<p>Un poste qui permet \u00e0 la Tunisie de continuer son action au service de la paix et de la s\u00e9curit\u00e9 internationale conform\u00e9ment aux objectifs de l\u2019organisation des Nations Unies et des constantes de sa politique ext\u00e9rieure, ajoute le chef de l\u2019Etat.<\/p>\n<p>L\u2019\u00e9lection de la Tunisie au poste de membre non-permanent dans l\u2019un des plus importants organes de l\u2019organisation onusienne\u00a0: le Conseil de S\u00e9curit\u00e9, atteste de la confiance et du respect dont elle b\u00e9n\u00e9ficie aupr\u00e8s de la communaut\u00e9 internationale et consacre de nouveau la place qui lui \u00e9choit sur la sc\u00e8ne r\u00e9gionale et internationale, souligne Ca\u00efd Essebsi dans le message.<\/p>\n<p>B\u00e9ji Ca\u00efd Essebsi cite \u00e0 cet \u00e9gard l\u2019organisation r\u00e9ussie du 30\u00e8me Sommet arabe fin mars 2019 \u00e0 Tunis et le choix de la Tunisie pour abriter le Sommet de la Francophonie en 2020 pour la premi\u00e8re fois dans l\u2019histoire du pays.<\/p>\n<p>Les succ\u00e8s diplomatiques de la Tunisie, ajoute Ca\u00efd Essebsi, t\u00e9moignent une fois encore de la bonne r\u00e9putation dont elle jouit dans son environnement r\u00e9gional et aupr\u00e8s de ses partenaires, et constitue une reconnaissance pour le r\u00f4le actif et efficient de la diplomatie tunisienne dans la cons\u00e9cration des principes de la paix, de la justice, de la coop\u00e9ration et de la solidarit\u00e9.<\/p>\n<p>Une cons\u00e9cration, insiste le chef de l\u2019Etat, qui attribue \u00e0 la famille diplomatique, la responsabilit\u00e9 d\u2019aller de l\u2019avant pour gagner les paris li\u00e9s \u00e0 l\u2019int\u00e9r\u00eat sup\u00e9rieur de la nation.<\/p>\n<p>Tout en affirmant avoir suivi avec un grand int\u00e9r\u00eat et beaucoup de fiert\u00e9 l\u2019\u00e9lection de la Tunisie par l\u2019Assembl\u00e9e g\u00e9n\u00e9rale des Nations Unies \u00e0 New York, au poste de membre non-permanent au Conseil de s\u00e9curit\u00e9 pour le mandat 2020-2021 et avec un score honorable, Ca\u00efd Essebsi souligne la justesse des orientations de la politique ext\u00e9rieure de la Tunisie qui lui ont valu le respect et la r\u00e9ussite au plan international.<\/p>\n<p>Ce qui commande, a-t-il dit, \u00e0 tous les Tunisiens de soutenir les orientations diplomatique de leur pays, en particulier, en cette \u00e9tape cruciale de son histoire et face aux d\u00e9veloppements complexes et aux mutations \u00e0 l\u2019\u00e9chelle r\u00e9gionale et internationale.<\/p>\n<p>Il y a lieu, a conclu, Ca\u00efd Essebsi de mobiliser tous les potentiels au plan national pour d\u00e9fendre les int\u00e9r\u00eats de la Tunisie et lui permettre de s\u2019acquitter au mieux de son r\u00f4le et de relever les d\u00e9fis qui se posent.<\/p>\n<p>L\u00e9gende\u00a0:<\/p>\n<p>Exode des cerveaux<\/p>\n<p class=\"dpsp-share-text\">Partager c&rsquo;est aimer!<\/p>\n<div class=\"wp-post-author-wrap wp-post-author-shortcode left\">\n<h3 class=\"awpa-title\"\/>\n<div class=\"wp-post-author\">\n<div class=\"awpa-img awpa-author-block square\"><a href=\"http:\/\/lexpertjournal.net\/fr\/author\/expert\/\"><img loading=\"lazy\" decoding=\"async\" alt=\"\" src=\"http:\/\/2.gravatar.com\/avatar\/56d99be2a6f97af88ccb49fada637fcd?s=150&#038;d=mm&#038;r=g\" srcset=\"http:\/\/2.gravatar.com\/avatar\/56d99be2a6f97af88ccb49fada637fcd?s=300&#038;d=mm&#038;r=g 2x\" class=\"avatar avatar-150 photo\" height=\"150\" width=\"150\"\/><\/a><\/div>\n<\/div>\n<\/div>\n<p>Auteur: L&rsquo;expert<br \/>\n<a href=\"http:\/\/lexpertjournal.net\/fr\/2019\/06\/25\/la-tunisie-elue-membre-non-permanent-au-conseil-de-securite-une-diplomatie-active-et-des-opportunites-pour-redorer-limage-du-pays\/\">Cliquez ici pour lire l&rsquo;article depuis sa source.<\/a><\/p>\n","protected":false},"excerpt":{"rendered":"<p>Malgr\u00e9 les errements des derni\u00e8res ann\u00e9es, la diplomatie tunisienne n\u2019a pas perdu ses rep\u00e8res et a vite fait de rena\u00eetre de ses cendres de regagner le terrain perdu, surtout que la communaut\u00e9 internationale a, de tous temps, gard\u00e9 du respect pour la politique \u00e9trang\u00e8re de la Tunisie. Il est n\u00e9cessaire de se rappeler, dans ce [&hellip;]<\/p>\n","protected":false},"author":1775,"featured_media":42496,"comment_status":"closed","ping_status":"closed","sticky":false,"template":"","format":"standard","meta":{"fifu_image_url":"","fifu_image_alt":"","footnotes":""},"categories":[78,55],"tags":[],"class_list":["post-42495","post","type-post","status-publish","format-standard","has-post-thumbnail","hentry","category-economie","category-tunisie"],"_links":{"self":[{"href":"https:\/\/linitiative.ca\/International\/wp-json\/wp\/v2\/posts\/42495","targetHints":{"allow":["GET"]}}],"collection":[{"href":"https:\/\/linitiative.ca\/International\/wp-json\/wp\/v2\/posts"}],"about":[{"href":"https:\/\/linitiative.ca\/International\/wp-json\/wp\/v2\/types\/post"}],"author":[{"embeddable":true,"href":"https:\/\/linitiative.ca\/International\/wp-json\/wp\/v2\/users\/1775"}],"replies":[{"embeddable":true,"href":"https:\/\/linitiative.ca\/International\/wp-json\/wp\/v2\/comments?post=42495"}],"version-history":[{"count":0,"href":"https:\/\/linitiative.ca\/International\/wp-json\/wp\/v2\/posts\/42495\/revisions"}],"wp:featuredmedia":[{"embeddable":true,"href":"https:\/\/linitiative.ca\/International\/wp-json\/"}],"wp:attachment":[{"href":"https:\/\/linitiative.ca\/International\/wp-json\/wp\/v2\/media?parent=42495"}],"wp:term":[{"taxonomy":"category","embeddable":true,"href":"https:\/\/linitiative.ca\/International\/wp-json\/wp\/v2\/categories?post=42495"},{"taxonomy":"post_tag","embeddable":true,"href":"https:\/\/linitiative.ca\/International\/wp-json\/wp\/v2\/tags?post=42495"}],"curies":[{"name":"wp","href":"https:\/\/api.w.org\/{rel}","templated":true}]}}