{"id":42497,"date":"2019-06-25T08:32:14","date_gmt":"2019-06-25T12:32:14","guid":{"rendered":"https:\/\/linitiative.ca\/International\/possible-report-des-elections-un-acte-suicidaire-pour-afek-tounes\/"},"modified":"2019-06-25T08:32:14","modified_gmt":"2019-06-25T12:32:14","slug":"possible-report-des-elections-un-acte-suicidaire-pour-afek-tounes","status":"publish","type":"post","link":"https:\/\/linitiative.ca\/International\/possible-report-des-elections-un-acte-suicidaire-pour-afek-tounes\/","title":{"rendered":"Possible report des \u00e9lections : Un \u00ab acte suicidaire \u00bb, pour Afek Toun\u00e8s"},"content":{"rendered":"<p>Les craintes d\u2019un report des \u00e9lections pr\u00e9sidentielles et l\u00e9gislatives d\u2019octobre et novembre 2019 commencent \u00e0 se faire sentir, surtout que tous les signes vont dans ce sens, surtout apr\u00e8s les amendements apport\u00e9s \u00e0 la loi \u00e9lectorale, ce qui va mettre l\u2019Instance sup\u00e9rieure ind\u00e9pendante pour les \u00e9lections (ISIE) dans l\u2019incapacit\u00e9 de respecter les d\u00e9lais.<\/p>\n<p>Le pr\u00e9sident du parti Afek Toun\u00e8s, Yassine Brahim a estim\u00e9 que le report des \u00e9lections est consid\u00e9r\u00e9 \u00ab comme un acte suicidaire pour la transition d\u00e9mocratique en Tunisie \u00bb.<\/p>\n<p>Dans une d\u00e9claration dimanche \u00e0 l\u2019agence TAP, Yassine Brahim a fait valoir que les informations qui circulent \u00e0 propos du report des \u00e9lections, outre l\u2019incapacit\u00e9 du parlement de mettre en place la Cour constitutionnelle, sont autant de facteurs de d\u00e9clin de la d\u00e9mocratie.<\/p>\n<p>\u00ab J\u2019en appelle \u00e0 la sagesse et \u00e0 la pertinence du pr\u00e9sident de la R\u00e9publique pour \u00e9carter toute id\u00e9e de report des \u00e9lections \u00bb, a-t-il lanc\u00e9 en marge du meeting organis\u00e9 ce dimanche par Afek Toun\u00e8s au Palais des congr\u00e8s \u00e0 la capitale.<\/p>\n<p>Pour Yassine Brahim le meeting est organis\u00e9 afin de recentrer les \u00e9nergies des militants et partisans du parti \u00e0 quelques mois des prochaines \u00e9lections. Cette rencontre sera ainsi l\u2019occasion d\u2019exposer la vision du parti et de pr\u00e9senter les grandes lignes de son programme \u00e9lectoral, a-t-il dit.<\/p>\n<p>D\u2019apr\u00e8s lui, il s\u2019agit surtout de sensibiliser l\u2019opinion publique sur l\u2019\u00e9chec du syst\u00e8me de gouvernement comme en t\u00e9moignent la plupart des indicateurs \u00e9conomiques et de d\u00e9veloppement.<\/p>\n<p>Le pr\u00e9sident du parti Afek Toun\u00e8s a dit regretter le climat politique qui pr\u00e9vaut dans le pays, estimant que les r\u00e9cents amendements de la loi \u00e9lectorale \u00ab aggraveront la crise apr\u00e8s la vague d\u2019opposition suscit\u00e9e \u00bb.<\/p>\n<p class=\"dpsp-share-text\">Partager c&rsquo;est aimer!<\/p>\n<div class=\"wp-post-author-wrap wp-post-author-shortcode left\">\n<h3 class=\"awpa-title\"\/>\n<div class=\"wp-post-author\">\n<div class=\"awpa-img awpa-author-block square\"><a href=\"http:\/\/lexpertjournal.net\/fr\/author\/expert\/\"><img loading=\"lazy\" decoding=\"async\" alt=\"\" src=\"http:\/\/2.gravatar.com\/avatar\/56d99be2a6f97af88ccb49fada637fcd?s=150&#038;d=mm&#038;r=g\" srcset=\"http:\/\/2.gravatar.com\/avatar\/56d99be2a6f97af88ccb49fada637fcd?s=300&#038;d=mm&#038;r=g 2x\" class=\"avatar avatar-150 photo\" height=\"150\" width=\"150\"\/><\/a><\/div>\n<\/div>\n<\/div>\n<p>Auteur: L&rsquo;expert<br \/>\n<a href=\"http:\/\/lexpertjournal.net\/fr\/2019\/06\/25\/possible-report-des-elections-un-acte-suicidaire-pour-afek-tounes\/\">Cliquez ici pour lire l&rsquo;article depuis sa source.<\/a><\/p>\n","protected":false},"excerpt":{"rendered":"<p>Les craintes d\u2019un report des \u00e9lections pr\u00e9sidentielles et l\u00e9gislatives d\u2019octobre et novembre 2019 commencent \u00e0 se faire sentir, surtout que tous les signes vont dans ce sens, surtout apr\u00e8s les amendements apport\u00e9s \u00e0 la loi \u00e9lectorale, ce qui va mettre l\u2019Instance sup\u00e9rieure ind\u00e9pendante pour les \u00e9lections (ISIE) dans l\u2019incapacit\u00e9 de respecter les d\u00e9lais. Le pr\u00e9sident [&hellip;]<\/p>\n","protected":false},"author":1775,"featured_media":0,"comment_status":"closed","ping_status":"closed","sticky":false,"template":"","format":"standard","meta":{"fifu_image_url":"","fifu_image_alt":"","footnotes":""},"categories":[78,55],"tags":[],"class_list":["post-42497","post","type-post","status-publish","format-standard","hentry","category-economie","category-tunisie"],"_links":{"self":[{"href":"https:\/\/linitiative.ca\/International\/wp-json\/wp\/v2\/posts\/42497","targetHints":{"allow":["GET"]}}],"collection":[{"href":"https:\/\/linitiative.ca\/International\/wp-json\/wp\/v2\/posts"}],"about":[{"href":"https:\/\/linitiative.ca\/International\/wp-json\/wp\/v2\/types\/post"}],"author":[{"embeddable":true,"href":"https:\/\/linitiative.ca\/International\/wp-json\/wp\/v2\/users\/1775"}],"replies":[{"embeddable":true,"href":"https:\/\/linitiative.ca\/International\/wp-json\/wp\/v2\/comments?post=42497"}],"version-history":[{"count":0,"href":"https:\/\/linitiative.ca\/International\/wp-json\/wp\/v2\/posts\/42497\/revisions"}],"wp:attachment":[{"href":"https:\/\/linitiative.ca\/International\/wp-json\/wp\/v2\/media?parent=42497"}],"wp:term":[{"taxonomy":"category","embeddable":true,"href":"https:\/\/linitiative.ca\/International\/wp-json\/wp\/v2\/categories?post=42497"},{"taxonomy":"post_tag","embeddable":true,"href":"https:\/\/linitiative.ca\/International\/wp-json\/wp\/v2\/tags?post=42497"}],"curies":[{"name":"wp","href":"https:\/\/api.w.org\/{rel}","templated":true}]}}