{"id":42505,"date":"2019-06-25T06:00:00","date_gmt":"2019-06-25T10:00:00","guid":{"rendered":"https:\/\/linitiative.ca\/International\/le-p-dg-de-sonelgaz-rassure\/"},"modified":"2019-06-25T06:00:00","modified_gmt":"2019-06-25T10:00:00","slug":"le-p-dg-de-sonelgaz-rassure","status":"publish","type":"post","link":"https:\/\/linitiative.ca\/International\/le-p-dg-de-sonelgaz-rassure\/","title":{"rendered":"Le P-DG de Sonelgaz rassure"},"content":{"rendered":"<div id=\"originalText\" readability=\"46\">\n<p class=\"c10\">En marge d\u2019une rencontre qui l\u2019a r\u00e9uni, \u00e0 huis clos, aux cadres des filiales Sonelgaz de l\u2019Ouest, le P-DG de Sonelgaz, Chahar Boulakhras, a rassur\u00e9 sur les capacit\u00e9s de son groupe \u00e0 faire face \u00e0 l\u2019accroissement de la demande en p\u00e9riode estivale. Chahar Boulakhras a \u00e9galement \u00e9voqu\u00e9 sa \u201cvision\u201d du futur du groupe Sonelgaz qui, dit-il, s\u2019appuiera notamment sur \u201cl\u2019organisation du groupe Sonelgaz et ses d\u00e9membrements pour l\u2019adapter aux nouvelles \u00e9volutions nationales et mondiales\u201d, \u201cl\u2019anticipation des programmes de d\u00e9veloppement\u201d, \u201cla modernisation de la gestion du syst\u00e8me d\u2019information et de la gestion de tous les segments d\u2019activit\u00e9\u201d et la \u201cmise en place des programmes des \u00e9nergies renouvelables\u201d. Le tout, a-t-il dit, pour am\u00e9liorer la qualit\u00e9 de service du groupe.<br \/>\u00a0<\/p>\n<p class=\"c11\"><strong>S. Ould Ali<\/strong><\/p>\n<\/div>\n<div id=\"text_core\" readability=\"46\">\n<p class=\"c10\">En marge d\u2019une rencontre qui l\u2019a r\u00e9uni, \u00e0 huis clos, aux cadres des filiales Sonelgaz de l\u2019Ouest, le P-DG de Sonelgaz, Chahar Boulakhras, a rassur\u00e9 sur les capacit\u00e9s de son groupe \u00e0 faire face \u00e0 l\u2019accroissement de la demande en p\u00e9riode estivale. Chahar Boulakhras a \u00e9galement \u00e9voqu\u00e9 sa \u201cvision\u201d du futur du groupe Sonelgaz qui, dit-il, s\u2019appuiera notamment sur \u201cl\u2019organisation du groupe Sonelgaz et ses d\u00e9membrements pour l\u2019adapter aux nouvelles \u00e9volutions nationales et mondiales\u201d, \u201cl\u2019anticipation des programmes de d\u00e9veloppement\u201d, \u201cla modernisation de la gestion du syst\u00e8me d\u2019information et de la gestion de tous les segments d\u2019activit\u00e9\u201d et la \u201cmise en place des programmes des \u00e9nergies renouvelables\u201d. Le tout, a-t-il dit, pour am\u00e9liorer la qualit\u00e9 de service du groupe.<br \/>\u00a0<\/p>\n<p class=\"c11\"><strong>S. Ould Ali<\/strong><\/p>\n<\/div>\n<p>Auteur:<br \/>\n<a href=\"https:\/\/www.liberte-algerie.com\/actualite\/le-p-dg-de-sonelgaz-rassure-318546\">Cliquez ici pour lire l&rsquo;article depuis sa source.<\/a><\/p>\n","protected":false},"excerpt":{"rendered":"<p>En marge d\u2019une rencontre qui l\u2019a r\u00e9uni, \u00e0 huis clos, aux cadres des filiales Sonelgaz de l\u2019Ouest, le P-DG de Sonelgaz, Chahar Boulakhras, a rassur\u00e9 sur les capacit\u00e9s de son groupe \u00e0 faire face \u00e0 l\u2019accroissement de la demande en p\u00e9riode estivale. Chahar Boulakhras a \u00e9galement \u00e9voqu\u00e9 sa \u201cvision\u201d du futur du groupe Sonelgaz qui, [&hellip;]<\/p>\n","protected":false},"author":1742,"featured_media":0,"comment_status":"closed","ping_status":"closed","sticky":false,"template":"","format":"standard","meta":{"fifu_image_url":"","fifu_image_alt":"","footnotes":""},"categories":[73,53],"tags":[],"class_list":["post-42505","post","type-post","status-publish","format-standard","hentry","category-actualite","category-algerie"],"_links":{"self":[{"href":"https:\/\/linitiative.ca\/International\/wp-json\/wp\/v2\/posts\/42505","targetHints":{"allow":["GET"]}}],"collection":[{"href":"https:\/\/linitiative.ca\/International\/wp-json\/wp\/v2\/posts"}],"about":[{"href":"https:\/\/linitiative.ca\/International\/wp-json\/wp\/v2\/types\/post"}],"author":[{"embeddable":true,"href":"https:\/\/linitiative.ca\/International\/wp-json\/wp\/v2\/users\/1742"}],"replies":[{"embeddable":true,"href":"https:\/\/linitiative.ca\/International\/wp-json\/wp\/v2\/comments?post=42505"}],"version-history":[{"count":0,"href":"https:\/\/linitiative.ca\/International\/wp-json\/wp\/v2\/posts\/42505\/revisions"}],"wp:attachment":[{"href":"https:\/\/linitiative.ca\/International\/wp-json\/wp\/v2\/media?parent=42505"}],"wp:term":[{"taxonomy":"category","embeddable":true,"href":"https:\/\/linitiative.ca\/International\/wp-json\/wp\/v2\/categories?post=42505"},{"taxonomy":"post_tag","embeddable":true,"href":"https:\/\/linitiative.ca\/International\/wp-json\/wp\/v2\/tags?post=42505"}],"curies":[{"name":"wp","href":"https:\/\/api.w.org\/{rel}","templated":true}]}}