{"id":42507,"date":"2019-06-25T06:00:00","date_gmt":"2019-06-25T10:00:00","guid":{"rendered":"https:\/\/linitiative.ca\/International\/les-enfants-trisomiques-a-lhonneur\/"},"modified":"2019-06-25T06:00:00","modified_gmt":"2019-06-25T10:00:00","slug":"les-enfants-trisomiques-a-lhonneur","status":"publish","type":"post","link":"https:\/\/linitiative.ca\/International\/les-enfants-trisomiques-a-lhonneur\/","title":{"rendered":"Les enfants trisomiques \u00e0 l\u2019honneur"},"content":{"rendered":"<div id=\"originalText\" readability=\"46\">\n<p>Une journ\u00e9e de spectacles et de cr\u00e9ation a \u00e9t\u00e9 organis\u00e9e samedi dernier \u00e0 Alger au profit des personnes atteintes de trisomie 21, indique un communiqu\u00e9 de l\u2019ambassade de Suisse en Alg\u00e9rie. \u00c0 l\u2019initiative du collectif d\u2019\u00e9tudiants \u201cJ\u2019existe\u201d, et avec le soutien et la participation de l\u2019ambassade de Suisse \u00e0 Alger, de l\u2019acad\u00e9mie \u201cProfil\u201d qui s\u2019occupe de personnes aux besoins sp\u00e9cifiques, ainsi que de plusieurs entreprises \u00e9conomiques, des enfants mais aussi des adultes atteints de trisomie 21 ont ainsi eu droit \u00e0 diverses manifestations artistiques et de cr\u00e9ations, tels des spectacles musicaux, des pi\u00e8ces de th\u00e9\u00e2tre, des chor\u00e9graphies contemporaines et des ateliers de peinture et d\u2019argile. Tout en appelant \u00e0 r\u00e9\u00e9diter de telles initiatives, les participants ont unanimement insist\u00e9 sur l\u2019urgence et la n\u00e9cessit\u00e9 de d\u00e9ployer davantage d\u2019efforts et d\u2019actions, afin de favoriser l\u2019insertion sociale, scolaire et professionnelle des personnes trisomiques et d\u2019aider \u00e0 instaurer les conditions favorables \u00e0 leur int\u00e9gration effective et \u00e0 leur \u00e9panouissement.\u00a0<\/p>\n<p class=\"c10\"><strong>R. A.<\/strong><\/p>\n<\/div>\n<div id=\"text_core\" readability=\"46\">\n<p>Une journ\u00e9e de spectacles et de cr\u00e9ation a \u00e9t\u00e9 organis\u00e9e samedi dernier \u00e0 Alger au profit des personnes atteintes de trisomie 21, indique un communiqu\u00e9 de l\u2019ambassade de Suisse en Alg\u00e9rie. \u00c0 l\u2019initiative du collectif d\u2019\u00e9tudiants \u201cJ\u2019existe\u201d, et avec le soutien et la participation de l\u2019ambassade de Suisse \u00e0 Alger, de l\u2019acad\u00e9mie \u201cProfil\u201d qui s\u2019occupe de personnes aux besoins sp\u00e9cifiques, ainsi que de plusieurs entreprises \u00e9conomiques, des enfants mais aussi des adultes atteints de trisomie 21 ont ainsi eu droit \u00e0 diverses manifestations artistiques et de cr\u00e9ations, tels des spectacles musicaux, des pi\u00e8ces de th\u00e9\u00e2tre, des chor\u00e9graphies contemporaines et des ateliers de peinture et d\u2019argile. Tout en appelant \u00e0 r\u00e9\u00e9diter de telles initiatives, les participants ont unanimement insist\u00e9 sur l\u2019urgence et la n\u00e9cessit\u00e9 de d\u00e9ployer davantage d\u2019efforts et d\u2019actions, afin de favoriser l\u2019insertion sociale, scolaire et professionnelle des personnes trisomiques et d\u2019aider \u00e0 instaurer les conditions favorables \u00e0 leur int\u00e9gration effective et \u00e0 leur \u00e9panouissement.\u00a0<\/p>\n<p class=\"c10\"><strong>R. A.<\/strong><\/p>\n<\/div>\n<p>Auteur:<br \/>\n<a href=\"https:\/\/www.liberte-algerie.com\/actualite\/les-enfants-trisomiques-a-lhonneur-318544\">Cliquez ici pour lire l&rsquo;article depuis sa source.<\/a><\/p>\n","protected":false},"excerpt":{"rendered":"<p>Une journ\u00e9e de spectacles et de cr\u00e9ation a \u00e9t\u00e9 organis\u00e9e samedi dernier \u00e0 Alger au profit des personnes atteintes de trisomie 21, indique un communiqu\u00e9 de l\u2019ambassade de Suisse en Alg\u00e9rie. \u00c0 l\u2019initiative du collectif d\u2019\u00e9tudiants \u201cJ\u2019existe\u201d, et avec le soutien et la participation de l\u2019ambassade de Suisse \u00e0 Alger, de l\u2019acad\u00e9mie \u201cProfil\u201d qui s\u2019occupe [&hellip;]<\/p>\n","protected":false},"author":1742,"featured_media":0,"comment_status":"closed","ping_status":"closed","sticky":false,"template":"","format":"standard","meta":{"fifu_image_url":"","fifu_image_alt":"","footnotes":""},"categories":[73,53],"tags":[],"class_list":["post-42507","post","type-post","status-publish","format-standard","hentry","category-actualite","category-algerie"],"_links":{"self":[{"href":"https:\/\/linitiative.ca\/International\/wp-json\/wp\/v2\/posts\/42507","targetHints":{"allow":["GET"]}}],"collection":[{"href":"https:\/\/linitiative.ca\/International\/wp-json\/wp\/v2\/posts"}],"about":[{"href":"https:\/\/linitiative.ca\/International\/wp-json\/wp\/v2\/types\/post"}],"author":[{"embeddable":true,"href":"https:\/\/linitiative.ca\/International\/wp-json\/wp\/v2\/users\/1742"}],"replies":[{"embeddable":true,"href":"https:\/\/linitiative.ca\/International\/wp-json\/wp\/v2\/comments?post=42507"}],"version-history":[{"count":0,"href":"https:\/\/linitiative.ca\/International\/wp-json\/wp\/v2\/posts\/42507\/revisions"}],"wp:attachment":[{"href":"https:\/\/linitiative.ca\/International\/wp-json\/wp\/v2\/media?parent=42507"}],"wp:term":[{"taxonomy":"category","embeddable":true,"href":"https:\/\/linitiative.ca\/International\/wp-json\/wp\/v2\/categories?post=42507"},{"taxonomy":"post_tag","embeddable":true,"href":"https:\/\/linitiative.ca\/International\/wp-json\/wp\/v2\/tags?post=42507"}],"curies":[{"name":"wp","href":"https:\/\/api.w.org\/{rel}","templated":true}]}}