{"id":42508,"date":"2019-06-25T06:51:00","date_gmt":"2019-06-25T10:51:00","guid":{"rendered":"https:\/\/linitiative.ca\/International\/chasse-au-drapeau-berbere-et-aux-pancartes-anti-gaid-salah\/"},"modified":"2019-06-25T06:51:00","modified_gmt":"2019-06-25T10:51:00","slug":"chasse-au-drapeau-berbere-et-aux-pancartes-anti-gaid-salah","status":"publish","type":"post","link":"https:\/\/linitiative.ca\/International\/chasse-au-drapeau-berbere-et-aux-pancartes-anti-gaid-salah\/","title":{"rendered":"Chasse au drapeau berb\u00e8re et aux pancartes anti Ga\u00efd Salah"},"content":{"rendered":"<div id=\"originalText\" readability=\"58\">\n<p class=\"c10\">Des centaines d\u2019\u00e9tudiants ont investi la rue, depuis ce matin, pour leur 18e mardi de marche, \u00e0 Alger.<br \/>Les \u00e9tudiants, qui se sont donn\u00e9 rendez-vous \u00e0 la Place des martyrs, se sont ensuite dirig\u00e9s vers la Place l\u2019Emir Abdelkader, o\u00f9 ils tiennent, en ce moment (peu avant midi), un imposant rassemblement.<\/p>\n<p><iframe loading=\"lazy\" allow=\"accelerometer; autoplay; encrypted-media; gyroscope; picture-in-picture\" allowfullscreen=\"\" frameborder=\"0\" height=\"315\" src=\"https:\/\/www.youtube.com\/embed\/UrRTj_7Uw78\" width=\"560\">[embedded content]<\/iframe><\/p>\n<p class=\"c10\">Les manifestants ont scand\u00e9 plusieurs slogans, \u00e0 l\u2019exemple de \u00abAlg\u00e9rie libre et d\u00e9mocratique\u00bb, \u00abEtat civil et non militaire\u00bb, \u00abmazalgh Imazighen (nous sommes toujours des amazighs)\u00bb, \u00ab\u00e7a y est, c\u2019est bon, le peuple pr\u00e9sident\u00bb\u2026\u00a0<\/p>\n<p><iframe loading=\"lazy\" allow=\"accelerometer; autoplay; encrypted-media; gyroscope; picture-in-picture\" allowfullscreen=\"\" frameborder=\"0\" height=\"315\" src=\"https:\/\/www.youtube.com\/embed\/5AEKtlXk6u4\" width=\"560\">[embedded content]<\/iframe><\/p>\n<p class=\"c10\">A signaler que plusieurs \u00e9chauffour\u00e9es ont eu lieu entre les \u00e9tudiants et les services de l\u2019ordre qui ont arrach\u00e9 des mains des manifestants tous les drapeaux berb\u00e8res et les pancartes et banderoles anti le g\u00e9n\u00e9ral de corps d\u2019arm\u00e9e, Ahmed Ga\u00efd Salah.<\/p>\n<p><iframe loading=\"lazy\" allow=\"accelerometer; autoplay; encrypted-media; gyroscope; picture-in-picture\" allowfullscreen=\"\" frameborder=\"0\" height=\"315\" src=\"https:\/\/www.youtube.com\/embed\/HTrPsbr9mbc\" width=\"560\">[embedded content]<\/iframe><\/p>\n<p class=\"c11\"><strong>R\u00e9daction Web<\/strong><\/p>\n<\/div>\n<div id=\"text_core\" readability=\"58\">\n<p class=\"c10\">Des centaines d\u2019\u00e9tudiants ont investi la rue, depuis ce matin, pour leur 18e mardi de marche, \u00e0 Alger.<br \/>Les \u00e9tudiants, qui se sont donn\u00e9 rendez-vous \u00e0 la Place des martyrs, se sont ensuite dirig\u00e9s vers la Place l\u2019Emir Abdelkader, o\u00f9 ils tiennent, en ce moment (peu avant midi), un imposant rassemblement.<\/p>\n<p><iframe loading=\"lazy\" allow=\"accelerometer; autoplay; encrypted-media; gyroscope; picture-in-picture\" allowfullscreen=\"\" frameborder=\"0\" height=\"315\" src=\"https:\/\/www.youtube.com\/embed\/UrRTj_7Uw78\" width=\"560\">[embedded content]<\/iframe><\/p>\n<p class=\"c10\">Les manifestants ont scand\u00e9 plusieurs slogans, \u00e0 l\u2019exemple de \u00abAlg\u00e9rie libre et d\u00e9mocratique\u00bb, \u00abEtat civil et non militaire\u00bb, \u00abmazalgh Imazighen (nous sommes toujours des amazighs)\u00bb, \u00ab\u00e7a y est, c\u2019est bon, le peuple pr\u00e9sident\u00bb\u2026\u00a0<\/p>\n<p><iframe loading=\"lazy\" allow=\"accelerometer; autoplay; encrypted-media; gyroscope; picture-in-picture\" allowfullscreen=\"\" frameborder=\"0\" height=\"315\" src=\"https:\/\/www.youtube.com\/embed\/5AEKtlXk6u4\" width=\"560\">[embedded content]<\/iframe><\/p>\n<p class=\"c10\">A signaler que plusieurs \u00e9chauffour\u00e9es ont eu lieu entre les \u00e9tudiants et les services de l\u2019ordre qui ont arrach\u00e9 des mains des manifestants tous les drapeaux berb\u00e8res et les pancartes et banderoles anti le g\u00e9n\u00e9ral de corps d\u2019arm\u00e9e, Ahmed Ga\u00efd Salah.<\/p>\n<p><iframe loading=\"lazy\" allow=\"accelerometer; autoplay; encrypted-media; gyroscope; picture-in-picture\" allowfullscreen=\"\" frameborder=\"0\" height=\"315\" src=\"https:\/\/www.youtube.com\/embed\/HTrPsbr9mbc\" width=\"560\">[embedded content]<\/iframe><\/p>\n<p class=\"c11\"><strong>R\u00e9daction Web<\/strong><\/p>\n<\/div>\n<p>Auteur:<br \/>\n<a href=\"https:\/\/www.liberte-algerie.com\/actualite\/chasse-au-drapeau-berbere-et-aux-pancartes-anti-gaid-salah-318626\">Cliquez ici pour lire l&rsquo;article depuis sa source.<\/a><\/p>\n","protected":false},"excerpt":{"rendered":"<p>Des centaines d\u2019\u00e9tudiants ont investi la rue, depuis ce matin, pour leur 18e mardi de marche, \u00e0 Alger.Les \u00e9tudiants, qui se sont donn\u00e9 rendez-vous \u00e0 la Place des martyrs, se sont ensuite dirig\u00e9s vers la Place l\u2019Emir Abdelkader, o\u00f9 ils tiennent, en ce moment (peu avant midi), un imposant rassemblement. [embedded content] Les manifestants ont [&hellip;]<\/p>\n","protected":false},"author":1742,"featured_media":0,"comment_status":"closed","ping_status":"closed","sticky":false,"template":"","format":"standard","meta":{"fifu_image_url":"","fifu_image_alt":"","footnotes":""},"categories":[73,53],"tags":[],"class_list":["post-42508","post","type-post","status-publish","format-standard","hentry","category-actualite","category-algerie"],"_links":{"self":[{"href":"https:\/\/linitiative.ca\/International\/wp-json\/wp\/v2\/posts\/42508","targetHints":{"allow":["GET"]}}],"collection":[{"href":"https:\/\/linitiative.ca\/International\/wp-json\/wp\/v2\/posts"}],"about":[{"href":"https:\/\/linitiative.ca\/International\/wp-json\/wp\/v2\/types\/post"}],"author":[{"embeddable":true,"href":"https:\/\/linitiative.ca\/International\/wp-json\/wp\/v2\/users\/1742"}],"replies":[{"embeddable":true,"href":"https:\/\/linitiative.ca\/International\/wp-json\/wp\/v2\/comments?post=42508"}],"version-history":[{"count":0,"href":"https:\/\/linitiative.ca\/International\/wp-json\/wp\/v2\/posts\/42508\/revisions"}],"wp:attachment":[{"href":"https:\/\/linitiative.ca\/International\/wp-json\/wp\/v2\/media?parent=42508"}],"wp:term":[{"taxonomy":"category","embeddable":true,"href":"https:\/\/linitiative.ca\/International\/wp-json\/wp\/v2\/categories?post=42508"},{"taxonomy":"post_tag","embeddable":true,"href":"https:\/\/linitiative.ca\/International\/wp-json\/wp\/v2\/tags?post=42508"}],"curies":[{"name":"wp","href":"https:\/\/api.w.org\/{rel}","templated":true}]}}