{"id":42515,"date":"2019-06-25T06:15:52","date_gmt":"2019-06-25T10:15:52","guid":{"rendered":"https:\/\/linitiative.ca\/International\/al-haouz-demantelement-dune-cellule-terroriste\/"},"modified":"2019-06-25T06:15:52","modified_gmt":"2019-06-25T10:15:52","slug":"al-haouz-demantelement-dune-cellule-terroriste","status":"publish","type":"post","link":"https:\/\/linitiative.ca\/International\/al-haouz-demantelement-dune-cellule-terroriste\/","title":{"rendered":"Al Haouz: D\u00e9mant\u00e8lement d\u2019une cellule terroriste"},"content":{"rendered":"<div class=\"single-featured\"><img alt=\"\" data-src=\"http:\/\/www.mapmarrakech.ma\/map\/uploads\/2019\/06\/arrestationbcij-copier.jpg\"\/><\/div>\n<div class=\"single-post-excerpt post-excerpt-bc\" readability=\"40\">\n<p>Rabat \u2013 Le Bureau central d\u2019investigations judiciaires (BCIJ) relevant de la Direction g\u00e9n\u00e9rale de la surveillance du territoire (DGST), a d\u00e9mantel\u00e9, mardi, une cellule terroriste compos\u00e9e de quatre extr\u00e9mistes affili\u00e9s \u00e0 \u00ab\u00a0Daech\u00a0\u00bb, \u00e2g\u00e9s de 25 \u00e0 40 ans et s\u2019activant dans la r\u00e9gion d\u2019Al Haouz, pr\u00e8s de Marrakech.<\/p>\n<\/div>\n<div class=\"entry-content clearfix single-post-content\" readability=\"56\">\n<p>Cette op\u00e9ration s\u00e9curitaire, qui s\u2019inscrit dans le cadre de la filature des \u00e9l\u00e9ments extr\u00e9mistes porteurs de projets terroristes, a permis la d\u00e9couverte d\u2019une ferme dans la commune d\u2019Ourika, dans la m\u00eame r\u00e9gion, appartenant \u00e0 la famille de l\u2019un des membres de cette cellule, o\u00f9 ont \u00e9t\u00e9 saisis des r\u00e9sidus de produits chimiques, de liquides suspects et du mat\u00e9riel utilis\u00e9s dans la fabrication d\u2019explosifs et qui seront soumis \u00e0 l\u2019expertise par les services comp\u00e9tents, ainsi que d\u2019\u00e9quipements \u00e9lectroniques, des armes blanches, des jumelles, des sommes d\u2019argent et une moto, indique le BCIJ dans un communiqu\u00e9.<\/p>\n<p>Les premiers \u00e9l\u00e9ments de l\u2019enqu\u00eate ont r\u00e9v\u00e9l\u00e9 que le chef de cette cellule terroriste a proc\u00e9d\u00e9 au recrutement et \u00e0 l\u2019encadrement des membres de son groupe et tiss\u00e9 des liens suspects avec des \u00e9l\u00e9ments s\u2019activant \u00e0 l\u2019\u00e9tranger en vue de planifier et de pr\u00e9parer des op\u00e9rations terroristes dangereuses dans le Royaume \u00e0 travers l\u2019utilisation d\u2019engins explosifs suivant l\u2019agenda destructeur de \u00a0\u00bb Daech \u00ab\u00a0, ajoute la m\u00eame source.<\/p>\n<p>Les mis en cause seront d\u00e9f\u00e9r\u00e9s devant la justice \u00e0 l\u2019issue de l\u2019enqu\u00eate men\u00e9e sous la supervision du parquet comp\u00e9tent, conclut le communiqu\u00e9.<\/p>\n<\/div>\n<p>Auteur: Meriem IGASS<br \/>\n<a href=\"http:\/\/www.mapmarrakech.ma\/fr\/al-haouz-demantelement-dune-cellule-terroriste-liee-a-daech\/\">Cliquez ici pour lire l&rsquo;article depuis sa source.<\/a><\/p>\n","protected":false},"excerpt":{"rendered":"<p>Rabat \u2013 Le Bureau central d\u2019investigations judiciaires (BCIJ) relevant de la Direction g\u00e9n\u00e9rale de la surveillance du territoire (DGST), a d\u00e9mantel\u00e9, mardi, une cellule terroriste compos\u00e9e de quatre extr\u00e9mistes affili\u00e9s \u00e0 \u00ab\u00a0Daech\u00a0\u00bb, \u00e2g\u00e9s de 25 \u00e0 40 ans et s\u2019activant dans la r\u00e9gion d\u2019Al Haouz, pr\u00e8s de Marrakech. Cette op\u00e9ration s\u00e9curitaire, qui s\u2019inscrit dans le [&hellip;]<\/p>\n","protected":false},"author":1788,"featured_media":42516,"comment_status":"closed","ping_status":"closed","sticky":false,"template":"","format":"standard","meta":{"fifu_image_url":"","fifu_image_alt":"","footnotes":""},"categories":[54,76],"tags":[],"class_list":["post-42515","post","type-post","status-publish","format-standard","has-post-thumbnail","hentry","category-maroc","category-regions"],"_links":{"self":[{"href":"https:\/\/linitiative.ca\/International\/wp-json\/wp\/v2\/posts\/42515","targetHints":{"allow":["GET"]}}],"collection":[{"href":"https:\/\/linitiative.ca\/International\/wp-json\/wp\/v2\/posts"}],"about":[{"href":"https:\/\/linitiative.ca\/International\/wp-json\/wp\/v2\/types\/post"}],"author":[{"embeddable":true,"href":"https:\/\/linitiative.ca\/International\/wp-json\/wp\/v2\/users\/1788"}],"replies":[{"embeddable":true,"href":"https:\/\/linitiative.ca\/International\/wp-json\/wp\/v2\/comments?post=42515"}],"version-history":[{"count":0,"href":"https:\/\/linitiative.ca\/International\/wp-json\/wp\/v2\/posts\/42515\/revisions"}],"wp:featuredmedia":[{"embeddable":true,"href":"https:\/\/linitiative.ca\/International\/wp-json\/"}],"wp:attachment":[{"href":"https:\/\/linitiative.ca\/International\/wp-json\/wp\/v2\/media?parent=42515"}],"wp:term":[{"taxonomy":"category","embeddable":true,"href":"https:\/\/linitiative.ca\/International\/wp-json\/wp\/v2\/categories?post=42515"},{"taxonomy":"post_tag","embeddable":true,"href":"https:\/\/linitiative.ca\/International\/wp-json\/wp\/v2\/tags?post=42515"}],"curies":[{"name":"wp","href":"https:\/\/api.w.org\/{rel}","templated":true}]}}