{"id":42517,"date":"2019-06-25T07:26:32","date_gmt":"2019-06-25T11:26:32","guid":{"rendered":"https:\/\/linitiative.ca\/International\/diplomatie-culturelle-objectif-majeur-pour-lafrique\/"},"modified":"2019-06-25T07:26:32","modified_gmt":"2019-06-25T11:26:32","slug":"diplomatie-culturelle-objectif-majeur-pour-lafrique","status":"publish","type":"post","link":"https:\/\/linitiative.ca\/International\/diplomatie-culturelle-objectif-majeur-pour-lafrique\/","title":{"rendered":"Diplomatie culturelle, objectif majeur pour l\u2019Afrique"},"content":{"rendered":"<div readability=\"38\">\n<p>Marrakech \u2013 La diplomatie culturelle constitue actuellement un objectif des plus prioritaires pour l\u2019Afrique, a affirm\u00e9, lundi soir \u00e0 Marrakech, le pr\u00e9sident de la Fondation \u00ab\u00a0Troph\u00e9e de l\u2019Africanit\u00e9\u00a0\u00bb, Nasrallah Belkhayate.<\/p>\n<\/div>\n<div readability=\"121\">\n<p>La diplomatie culturelle \u00ab\u00a0n\u2019est plus aujourd\u2019hui du ressort exclusif des pouvoirs publics. D\u2019autres acteurs, tels que les associations, fondations, institutions culturelles et artistiques, monde universitaire qui par la diversit\u00e9 de leurs comp\u00e9tences et strat\u00e9gies, ont d\u00e9sormais une grande influence dans le rapprochement des cultures des peuples de l\u2019Humanit\u00e9 et les changements au coeur de leurs propres soci\u00e9t\u00e9s\u00a0\u00bb, a expliqu\u00e9 M. Belkhayate \u00e0 l\u2019ouverture de la 12\u00e8 Conf\u00e9rence de la Fondation, autour du th\u00e8me \u00ab\u00a0La Diplomatie culturelle, un levier du d\u00e9veloppement humain en Afrique\u00a0\u00bb.<\/p>\n<p>Au Maroc, a-t-il dit, la diplomatie culturelle joue un \u00ab\u00a0r\u00f4le central\u00a0\u00bb et permet d\u2019envoyer l\u2019image d\u2019un pays ouvert \u00e0 la modernit\u00e9, tout en pr\u00e9servant les valeurs de son authenticit\u00e9.<\/p>\n<p>Au Royaume, \u00ab\u00a0terre des festivals et moussems, on sait que rien de grand ne se fait sans culture : cela est valable aussi pour notre diplomatie. Pour le Maroc et pour notre action \u00e0 l\u2019\u00e9tranger, la culture constitue un atout majeur que les Marocains savent, avec un talent hors du commun, mettre en valeur, tout en faisant pr\u00e9valoir dans ce domaine notre authenticit\u00e9, loin de toute posture individualiste et aculturelle\u00a0\u00bb, a soutenu M. Belkhayate.<\/p>\n<p>Le rayonnement de la culture marocaine repose depuis toujours sur sa l\u00e9gendaire hospitalit\u00e9 \u00e0 l\u2019\u00e9gard des cultures \u00e9trang\u00e8res, a-t-il fait remarquer, soulignant que pour la ville de Marrakech, l\u2019un de ses secrets andalous est d\u2019avoir su tr\u00e8s t\u00f4t faire rayonner sa culture en parfaite symbiose avec celle des autres. \u00ab\u00a0C\u2019est aussi un prolongement naturel et historique de la diplomatie spirituelle marocaine\u00a0\u00bb, a-t-il indiqu\u00e9.<\/p>\n<p>\u00ab\u00a0Au del\u00e0 de l\u2019engagement du Royaume pour l\u2019Afrique, l\u2019aura spirituelle de Sa Majest\u00e9 le Roi Mohammed VI, en Sa qualit\u00e9 de Commandeur des Croyants, est ressentie et v\u00e9cue dans beaucoup de pays du Continent comme une des grandes r\u00e9alit\u00e9s de l\u2019Islam mod\u00e9r\u00e9 (juste milieu) et tol\u00e9rant\u00a0\u00bb, a soutenu le pr\u00e9sident de la Fondation \u00ab\u00a0Troph\u00e9e de l\u2019Africanit\u00e9\u00a0\u00bb.<\/p>\n<p>Et de poursuivre que la cr\u00e9ation de la Fondation Mohammed VI des Oul\u00e9mas Africains est \u00ab\u00a0une vibrante et parfaite illustration de la diplomatie spirituelle et du leadership spirituel du Royaume en Afrique\u00a0\u00bb, ajoutant que cette initiative Royale est le miroir r\u00e9el et concret de cette vision claire, lucide et d\u00e9termin\u00e9e pour faire face aux menaces de l\u2019extr\u00e9misme et de la m\u00e9connaissance de l\u2019Islam\u00a0\u00bb.<\/p>\n<p>Pour M. Belkhayate, la diplomatie culturelle est aussi \u00ab\u00a0la r\u00e9conciliation de l\u2019Afrique avec ses enfants visionnaires d\u2019ici et d\u2019ailleurs\u00a0\u00bb. \u00ab\u00a0Il s\u2019agit de r\u00e9cup\u00e9rer son authenticit\u00e9 en mal de reconnaissance. Nos jeunes ont besoin de rep\u00e8res et d\u2019exemples\u00a0\u00bb, a-t-il insist\u00e9.<\/p>\n<p>Il a, par ailleurs, not\u00e9 que la Fondation \u00ab\u00a0Troph\u00e9e de l\u2019Africanit\u00e9 a r\u00e9compens\u00e9 en quelques ann\u00e9es plus d\u2019une centaine de personnalit\u00e9s qui, par une action clairement cit\u00e9e, contribuent au d\u00e9veloppement humain et social en Afrique, pr\u00e9cisant que des chefs d\u2019Etats, des organismes internationaux, des ministres, des ambassadeurs, des diplomates, des d\u00e9cideurs et des citoyens qui \u0153uvrent tout simplement pour le bonheur des peuples africains, ont \u00e9t\u00e9 honor\u00e9s.<\/p>\n<p>La Fondation, a-t-il indiqu\u00e9, ambitionne gr\u00e2ce \u00e0 ses partenaires de se donner les moyens de parler d\u2019une seule et m\u00eame voix \u00e0 travers notamment ses beaux livres \u00ab\u00a0Livre de Prestige\u00a0\u00bb pour encourager et faire connaitre \u00e0 la fois les r\u00e9gions du Maroc et les initiatives contribuant au d\u00e9veloppement du Continent.<\/p>\n<p>Cette 12\u00e8 Conf\u00e9rence de la Fondation \u00ab\u00a0Troph\u00e9e de l\u2019Africanit\u00e9\u00a0\u00bb a \u00e9t\u00e9 rehauss\u00e9e par la participation de diplomates africains, de chercheurs et d\u2019\u00e9tudiants issus de diff\u00e9rents pays subsahariens.<\/p>\n<\/div>\n<p>Auteur: Meriem IGASS<br \/>\n<a href=\"http:\/\/www.mapmarrakech.ma\/fr\/la-diplomatie-culturelle-un-objectif-prioritaire-pour-lafrique\/\">Cliquez ici pour lire l&rsquo;article depuis sa source.<\/a><\/p>\n","protected":false},"excerpt":{"rendered":"<p>Marrakech \u2013 La diplomatie culturelle constitue actuellement un objectif des plus prioritaires pour l\u2019Afrique, a affirm\u00e9, lundi soir \u00e0 Marrakech, le pr\u00e9sident de la Fondation \u00ab\u00a0Troph\u00e9e de l\u2019Africanit\u00e9\u00a0\u00bb, Nasrallah Belkhayate. La diplomatie culturelle \u00ab\u00a0n\u2019est plus aujourd\u2019hui du ressort exclusif des pouvoirs publics. D\u2019autres acteurs, tels que les associations, fondations, institutions culturelles et artistiques, monde universitaire [&hellip;]<\/p>\n","protected":false},"author":1788,"featured_media":0,"comment_status":"closed","ping_status":"closed","sticky":false,"template":"","format":"standard","meta":{"fifu_image_url":"","fifu_image_alt":"","footnotes":""},"categories":[54,76],"tags":[],"class_list":["post-42517","post","type-post","status-publish","format-standard","hentry","category-maroc","category-regions"],"_links":{"self":[{"href":"https:\/\/linitiative.ca\/International\/wp-json\/wp\/v2\/posts\/42517","targetHints":{"allow":["GET"]}}],"collection":[{"href":"https:\/\/linitiative.ca\/International\/wp-json\/wp\/v2\/posts"}],"about":[{"href":"https:\/\/linitiative.ca\/International\/wp-json\/wp\/v2\/types\/post"}],"author":[{"embeddable":true,"href":"https:\/\/linitiative.ca\/International\/wp-json\/wp\/v2\/users\/1788"}],"replies":[{"embeddable":true,"href":"https:\/\/linitiative.ca\/International\/wp-json\/wp\/v2\/comments?post=42517"}],"version-history":[{"count":0,"href":"https:\/\/linitiative.ca\/International\/wp-json\/wp\/v2\/posts\/42517\/revisions"}],"wp:attachment":[{"href":"https:\/\/linitiative.ca\/International\/wp-json\/wp\/v2\/media?parent=42517"}],"wp:term":[{"taxonomy":"category","embeddable":true,"href":"https:\/\/linitiative.ca\/International\/wp-json\/wp\/v2\/categories?post=42517"},{"taxonomy":"post_tag","embeddable":true,"href":"https:\/\/linitiative.ca\/International\/wp-json\/wp\/v2\/tags?post=42517"}],"curies":[{"name":"wp","href":"https:\/\/api.w.org\/{rel}","templated":true}]}}