{"id":42520,"date":"2019-06-25T09:54:14","date_gmt":"2019-06-25T13:54:14","guid":{"rendered":"https:\/\/linitiative.ca\/International\/canicule-a-bechar-dispositif-de-prevention-mis-en-place-a-travers-la-wilaya\/"},"modified":"2019-06-25T09:54:14","modified_gmt":"2019-06-25T13:54:14","slug":"canicule-a-bechar-dispositif-de-prevention-mis-en-place-a-travers-la-wilaya","status":"publish","type":"post","link":"https:\/\/linitiative.ca\/International\/canicule-a-bechar-dispositif-de-prevention-mis-en-place-a-travers-la-wilaya\/","title":{"rendered":"Canicule \u00e0 Bechar : dispositif de pr\u00e9vention mis en place \u00e0 travers la wilaya"},"content":{"rendered":"<div>\n<div class=\"K2FeedImage\"><img decoding=\"async\" src=\"http:\/\/www.aps.dz\/media\/k2\/items\/cache\/0981a5f3c00b7d0ec555a78a8a503cd8_S.jpg\" alt=\"Canicule \u00e0 Bechar : dispositif de pr\u00e9vention mis en place \u00e0 travers la wilaya\"><\/div>\n<div class=\"K2FeedIntroText\">\n<p><strong>BECHAR &#8211; Un dispositif de pr\u00e9vention destin\u00e9 aux personnes \u00ab\u00a0\u00e0 risque\u00a0\u00bb et la population en g\u00e9n\u00e9ral a \u00e9t\u00e9 mis en place en cette p\u00e9riode de canicule \u00e0 travers la wilaya de Bechar et la wilaya d\u00e9l\u00e9gu\u00e9e de B\u00e9ni-Abbes, a-t-on appris mardi aupr\u00e8s de la direction locale de la Sant\u00e9 et de la Population (DSP).<\/strong><\/p>\n<\/div>\n<div class=\"K2FeedFullText\">\n<p>A ce titre, il a \u00e9t\u00e9 proc\u00e9d\u00e9 au renforcement des plateaux techniques des services des urgences m\u00e9dicales et chirurgicales (UMC) des \u00e9tablissements hospitaliers publics (EPH) de la r\u00e9gion, notamment ceux des h\u00f4pitaux \u00ab\u00a0Tourabi Boudjemaa\u00a0\u00bb de Bechar et \u00ab\u00a0Yakoub Mohamed\u00a0\u00bb de B\u00e9ni-Abbes, en moyens humains, techniques et en m\u00e9dicaments au titre de ce dispositif afin de faire faire \u00e0 toute \u00e9ventualit\u00e9, a indiqu\u00e9 \u00e0 l\u2019APS, Melle Fatima Zohra Hamou, responsable du service de pr\u00e9vention de la DSP.<\/p>\n<p>Des quantit\u00e9s importantes de m\u00e9dicaments, de s\u00e9rums anti-scorpions et autres produits m\u00e9dicamenteux permettant une meilleure prise en charge des patients ont \u00e9t\u00e9 mises par la DSP \u00e0 la disposition des UMC, dont ceux des r\u00e9gions d\u2019Abadla et de B\u00e9ni-Ounif, a-t-elle signal\u00e9.<\/p>\n<p>Outre ce dispositif, des campagnes de sensibilisation sur les m\u00e9faits d\u2019exposition au soleil, notamment l\u2019insolation qui touche particuli\u00e8rement les enfants et les personnes \u00e2g\u00e9es, sont organis\u00e9es en direction du grand public \u00e0 travers les ondes de la radio locale, a-t-elle ajout\u00e9.<\/p>\n<p>Ces campagnes, anim\u00e9es par des praticiens de la sant\u00e9, concernent aussi la pr\u00e9vention des maladies \u00e0 transmission hydriques (MTH) et l\u2019intoxication alimentaire, avec l\u2019apport du secteur du commerce, ainsi que l\u2019analyse p\u00e9riodique par le service d\u2019\u00e9pid\u00e9miologie des eaux destin\u00e9es \u00e0 la consommation, selon la m\u00eame responsable.<\/p>\n<p>Pour le moment, aucun cas de personne atteinte d\u2019insolation ou autres risques dus \u00e0 la canicule n\u2019a \u00e9t\u00e9 enregistr\u00e9 par les services de la DSP, a soulign\u00e9 Melle Hamou.<\/p>\n<p>Les fortes chaleurs qui s\u00e9vissent actuellement dans la r\u00e9gion, en plus de l\u2019absence de jardins et de parcs, sont \u00e0 l\u2019origine de la d\u00e9sertion des rues et ruelles des agglom\u00e9rations de la wilaya par les habitants, qui n\u2019ont d\u2019autres solutions que de se refugier dans leur habitation en attendant le soir et un adoucissement du climat.<\/p>\n<p>Le manque d\u2019op\u00e9ration de rafraichissement des grandes art\u00e8res et le non fonctionnement des jets d\u2019eau pour cause de vols r\u00e9p\u00e9t\u00e9s de leurs pompes hydrauliques, comme le signale, Abbou Nasreddine, membre de l\u2019Assembl\u00e9e populaire communale (APC) de Bechar, expliquent aussi la d\u00e9sertion des espaces publics par les habitants.<\/p>\n<\/div>\n<\/div>\n<p>Auteur:<br \/>\n<a href=\"http:\/\/www.aps.dz\/regions\/91094-canicule-a-bechar-dispositif-de-prevention-mis-en-place-a-travers-la-wilaya\">Cliquez ici pour lire l&rsquo;article depuis sa source.<\/a><\/p>\n","protected":false},"excerpt":{"rendered":"<p>BECHAR &#8211; Un dispositif de pr\u00e9vention destin\u00e9 aux personnes \u00ab\u00a0\u00e0 risque\u00a0\u00bb et la population en g\u00e9n\u00e9ral a \u00e9t\u00e9 mis en place en cette p\u00e9riode de canicule \u00e0 travers la wilaya de Bechar et la wilaya d\u00e9l\u00e9gu\u00e9e de B\u00e9ni-Abbes, a-t-on appris mardi aupr\u00e8s de la direction locale de la Sant\u00e9 et de la Population (DSP). A [&hellip;]<\/p>\n","protected":false},"author":1790,"featured_media":42521,"comment_status":"closed","ping_status":"closed","sticky":false,"template":"","format":"standard","meta":{"fifu_image_url":"","fifu_image_alt":"","footnotes":""},"categories":[53,76],"tags":[],"class_list":["post-42520","post","type-post","status-publish","format-standard","has-post-thumbnail","hentry","category-algerie","category-regions"],"_links":{"self":[{"href":"https:\/\/linitiative.ca\/International\/wp-json\/wp\/v2\/posts\/42520","targetHints":{"allow":["GET"]}}],"collection":[{"href":"https:\/\/linitiative.ca\/International\/wp-json\/wp\/v2\/posts"}],"about":[{"href":"https:\/\/linitiative.ca\/International\/wp-json\/wp\/v2\/types\/post"}],"author":[{"embeddable":true,"href":"https:\/\/linitiative.ca\/International\/wp-json\/wp\/v2\/users\/1790"}],"replies":[{"embeddable":true,"href":"https:\/\/linitiative.ca\/International\/wp-json\/wp\/v2\/comments?post=42520"}],"version-history":[{"count":0,"href":"https:\/\/linitiative.ca\/International\/wp-json\/wp\/v2\/posts\/42520\/revisions"}],"wp:featuredmedia":[{"embeddable":true,"href":"https:\/\/linitiative.ca\/International\/wp-json\/"}],"wp:attachment":[{"href":"https:\/\/linitiative.ca\/International\/wp-json\/wp\/v2\/media?parent=42520"}],"wp:term":[{"taxonomy":"category","embeddable":true,"href":"https:\/\/linitiative.ca\/International\/wp-json\/wp\/v2\/categories?post=42520"},{"taxonomy":"post_tag","embeddable":true,"href":"https:\/\/linitiative.ca\/International\/wp-json\/wp\/v2\/tags?post=42520"}],"curies":[{"name":"wp","href":"https:\/\/api.w.org\/{rel}","templated":true}]}}