{"id":42524,"date":"2019-06-25T08:00:00","date_gmt":"2019-06-25T12:00:00","guid":{"rendered":"https:\/\/linitiative.ca\/International\/erdogan-craint-la-perte-distanbul\/"},"modified":"2019-06-25T08:00:00","modified_gmt":"2019-06-25T12:00:00","slug":"erdogan-craint-la-perte-distanbul","status":"publish","type":"post","link":"https:\/\/linitiative.ca\/International\/erdogan-craint-la-perte-distanbul\/","title":{"rendered":"Erdogan craint la perte d&rsquo;Istanbul"},"content":{"rendered":"<p>Les habitants d\u2019Istanbul,\u00a0 qui compte 10,5 millions d\u2019inscrits sur les listes \u00e9lectorales, devaient se rendre aux urnes, dimanche 23 juin, afin d\u2019\u00e9lire leur maire pour la seconde fois en moins de trois mois. Recep Tayyip Erdogan et son parti avaient perdu le pr\u00e9c\u00e9dent scrutin avant d&rsquo;obtenir un nouveau vote sur d\u00e9cision du Conseil \u00e9lectoral sup\u00e9rieur.\u00a0 Le 31 mars 2019, le candidat de l\u2019opposition, Ekrem Imamoglu, l\u2019avait emport\u00e9 d\u2019une courte t\u00eate face \u00e0 Binali Yildirim, le candidat de l\u2019AKP, soutenu par Erdogan. \u00a0<\/p>\n<p>Auteur: leco_web_admin<br \/>\n<a href=\"https:\/\/www.leconomiste.com\/article\/1046824-erdogan-craint-la-perte-d-istanbul\">Cliquez ici pour lire l&rsquo;article depuis sa source.<\/a><\/p>\n","protected":false},"excerpt":{"rendered":"<p>Les habitants d\u2019Istanbul,\u00a0 qui compte 10,5 millions d\u2019inscrits sur les listes \u00e9lectorales, devaient se rendre aux urnes, dimanche 23 juin, afin d\u2019\u00e9lire leur maire pour la seconde fois en moins de trois mois. Recep Tayyip Erdogan et son parti avaient perdu le pr\u00e9c\u00e9dent scrutin avant d&rsquo;obtenir un nouveau vote sur d\u00e9cision du Conseil \u00e9lectoral sup\u00e9rieur.\u00a0 [&hellip;]<\/p>\n","protected":false},"author":1763,"featured_media":0,"comment_status":"closed","ping_status":"closed","sticky":false,"template":"","format":"standard","meta":{"fifu_image_url":"","fifu_image_alt":"","footnotes":""},"categories":[78,54],"tags":[],"class_list":["post-42524","post","type-post","status-publish","format-standard","hentry","category-economie","category-maroc"],"_links":{"self":[{"href":"https:\/\/linitiative.ca\/International\/wp-json\/wp\/v2\/posts\/42524","targetHints":{"allow":["GET"]}}],"collection":[{"href":"https:\/\/linitiative.ca\/International\/wp-json\/wp\/v2\/posts"}],"about":[{"href":"https:\/\/linitiative.ca\/International\/wp-json\/wp\/v2\/types\/post"}],"author":[{"embeddable":true,"href":"https:\/\/linitiative.ca\/International\/wp-json\/wp\/v2\/users\/1763"}],"replies":[{"embeddable":true,"href":"https:\/\/linitiative.ca\/International\/wp-json\/wp\/v2\/comments?post=42524"}],"version-history":[{"count":0,"href":"https:\/\/linitiative.ca\/International\/wp-json\/wp\/v2\/posts\/42524\/revisions"}],"wp:attachment":[{"href":"https:\/\/linitiative.ca\/International\/wp-json\/wp\/v2\/media?parent=42524"}],"wp:term":[{"taxonomy":"category","embeddable":true,"href":"https:\/\/linitiative.ca\/International\/wp-json\/wp\/v2\/categories?post=42524"},{"taxonomy":"post_tag","embeddable":true,"href":"https:\/\/linitiative.ca\/International\/wp-json\/wp\/v2\/tags?post=42524"}],"curies":[{"name":"wp","href":"https:\/\/api.w.org\/{rel}","templated":true}]}}