{"id":42525,"date":"2019-06-25T08:00:00","date_gmt":"2019-06-25T12:00:00","guid":{"rendered":"https:\/\/linitiative.ca\/International\/trump-ne-relache-pas-la-pression-sur-liran\/"},"modified":"2019-06-25T08:00:00","modified_gmt":"2019-06-25T12:00:00","slug":"trump-ne-relache-pas-la-pression-sur-liran","status":"publish","type":"post","link":"https:\/\/linitiative.ca\/International\/trump-ne-relache-pas-la-pression-sur-liran\/","title":{"rendered":"Trump ne rel\u00e2che pas la pression sur l&rsquo;Iran"},"content":{"rendered":"<p class=\"rtejustify\">Les tensions restent vives entre T\u00e9h\u00e9ran et Washington. Donald Trump promet de nouvelles sanctions encore plus dures\u00a0 contre l&rsquo;Iran d\u00e8s ce lundi 24 juin. Dans une s\u00e9rie de tweets, le pr\u00e9sident am\u00e9ricain, qui a reconnu vendredi avoir annul\u00e9 \u00e0 la derni\u00e8re minute une op\u00e9ration militaire contre l&rsquo;Iran, a annonc\u00e9 des sanctions \u00abmajeures\u00bb,\u00a0 contre ce pays qui \u00abne peut pas avoir d\u2019armes nucl\u00e9aires!\u00bb.\u00a0<br \/>Trump a assur\u00e9 que si les Iraniens renon\u00e7aient \u00e0 leur programme nucl\u00e9aire, il deviendrait leur \u00abmeilleur ami\u00bb. Avant de s&rsquo;envoler pour la r\u00e9sidence pr\u00e9sidentielle de Camp David, o\u00f9 il devait s\u2019entretenir de cette crise avec plusieurs responsables, il a d\u00e9clar\u00e9 que \u00abnous n\u2019allons pas laisser les Iraniens se doter de l\u2019arme nucl\u00e9aire et quand ils auront accept\u00e9 cela, ils auront un pays riche, ils seront tellement heureux et je serai leur meilleur ami. J\u2019esp\u00e8re que \u00e7a va arriver\u00bb. Et d&rsquo;ajouter que \u00absi les dirigeants iraniens se comportent mal, ils vont passer une tr\u00e8s mauvaise journ\u00e9e\u00bb.\u00a0\u00a0<\/p>\n<p class=\"rtejustify\">Alternant les d\u00e9clarations martiales et les appels au dialogue depuis plusieurs semaines, Trump a indiqu\u00e9 que \u00absi on pouvait remettre l\u2019Iran sur les rails de la reconstruction \u00e9conomique, ce serait fantastique\u00bb.\u00a0<br \/>Des m\u00e9dias am\u00e9ricains ont r\u00e9v\u00e9l\u00e9 que Trump a ordonn\u00e9 secr\u00e8tement des cyberattaques contre\u00a0 des syst\u00e8mes de d\u00e9fense iraniens et contre un r\u00e9seau d&rsquo;espionnage surveillant le passage des navires dans le d\u00e9troit d&rsquo;Ormuz. T\u00e9h\u00e9ran, qui a annonc\u00e9 dans la journ\u00e9e l&rsquo;ex\u00e9cution pour \u00abespionnage\u00bb d&rsquo;un prestataire du minist\u00e8re de la D\u00e9fense accus\u00e9 d&rsquo;avoir collabor\u00e9 avec la CIA, a mis en garde les Am\u00e9ricains contre les cons\u00e9quences d\u00e9vastatrices pour leurs int\u00e9r\u00eats dans la r\u00e9gion.\u00a0\u00a0<br \/>De son c\u00f4t\u00e9, le minist\u00e8re britannique des Affaires \u00e9trang\u00e8res a fait savoir qu&rsquo;un \u00e9missaire britannique devait se rendre en Iran hier,\u00a0 dimanche. Les signataires europ\u00e9ens de l\u2019accord sur le programme nucl\u00e9aire iranien ont promis la mise en place d\u2019un dispositif cens\u00e9 compenser les sanctions am\u00e9ricaines et T\u00e9h\u00e9ran juge leurs efforts insuffisants. Toutes les grandes compagnies ont par ailleurs d\u00e9cid\u00e9 de ne plus emprunter l&rsquo;espace a\u00e9rien iranien.\u00a0<br \/>K. M. avec agences<\/p>\n<p>Auteur: leco_web_admin<br \/>\n<a href=\"https:\/\/www.leconomiste.com\/article\/1046823-trump-ne-relache-pas-la-pression-sur-l-iran\">Cliquez ici pour lire l&rsquo;article depuis sa source.<\/a><\/p>\n","protected":false},"excerpt":{"rendered":"<p>Les tensions restent vives entre T\u00e9h\u00e9ran et Washington. Donald Trump promet de nouvelles sanctions encore plus dures\u00a0 contre l&rsquo;Iran d\u00e8s ce lundi 24 juin. Dans une s\u00e9rie de tweets, le pr\u00e9sident am\u00e9ricain, qui a reconnu vendredi avoir annul\u00e9 \u00e0 la derni\u00e8re minute une op\u00e9ration militaire contre l&rsquo;Iran, a annonc\u00e9 des sanctions \u00abmajeures\u00bb,\u00a0 contre ce pays [&hellip;]<\/p>\n","protected":false},"author":1763,"featured_media":0,"comment_status":"closed","ping_status":"closed","sticky":false,"template":"","format":"standard","meta":{"fifu_image_url":"","fifu_image_alt":"","footnotes":""},"categories":[78,54],"tags":[],"class_list":["post-42525","post","type-post","status-publish","format-standard","hentry","category-economie","category-maroc"],"_links":{"self":[{"href":"https:\/\/linitiative.ca\/International\/wp-json\/wp\/v2\/posts\/42525","targetHints":{"allow":["GET"]}}],"collection":[{"href":"https:\/\/linitiative.ca\/International\/wp-json\/wp\/v2\/posts"}],"about":[{"href":"https:\/\/linitiative.ca\/International\/wp-json\/wp\/v2\/types\/post"}],"author":[{"embeddable":true,"href":"https:\/\/linitiative.ca\/International\/wp-json\/wp\/v2\/users\/1763"}],"replies":[{"embeddable":true,"href":"https:\/\/linitiative.ca\/International\/wp-json\/wp\/v2\/comments?post=42525"}],"version-history":[{"count":0,"href":"https:\/\/linitiative.ca\/International\/wp-json\/wp\/v2\/posts\/42525\/revisions"}],"wp:attachment":[{"href":"https:\/\/linitiative.ca\/International\/wp-json\/wp\/v2\/media?parent=42525"}],"wp:term":[{"taxonomy":"category","embeddable":true,"href":"https:\/\/linitiative.ca\/International\/wp-json\/wp\/v2\/categories?post=42525"},{"taxonomy":"post_tag","embeddable":true,"href":"https:\/\/linitiative.ca\/International\/wp-json\/wp\/v2\/tags?post=42525"}],"curies":[{"name":"wp","href":"https:\/\/api.w.org\/{rel}","templated":true}]}}