{"id":42533,"date":"2019-06-25T11:30:00","date_gmt":"2019-06-25T15:30:00","guid":{"rendered":"https:\/\/linitiative.ca\/International\/une-inflation-basse-tout-sauf-une-bonne-nouvelle\/"},"modified":"2019-06-25T11:30:00","modified_gmt":"2019-06-25T15:30:00","slug":"une-inflation-basse-tout-sauf-une-bonne-nouvelle","status":"publish","type":"post","link":"https:\/\/linitiative.ca\/International\/une-inflation-basse-tout-sauf-une-bonne-nouvelle\/","title":{"rendered":"Une inflation basse, tout sauf une bonne nouvelle"},"content":{"rendered":"<div readability=\"35\">\n<p>-0,1% en moyenne sur les cinq premiers mois de l&rsquo;ann\u00e9e<\/p>\n<p>Cela refroidit la consommation des m\u00e9nages plus qu&rsquo;elle ne l&rsquo;encourage<\/p>\n<\/div>\n<div readability=\"63\">\n<div class=\"dnd-atom-wrapper type-image context-sdl_editor_representation\" contenteditable=\"false\" readability=\"32.5\">\n<div class=\"dnd-drop-wrapper image\"><img loading=\"lazy\" decoding=\"async\" typeof=\"foaf:Image\" class=\"img-responsive\" src=\"https:\/\/www.leconomiste.com\/sites\/default\/files\/eco7\/public\/thumbnails\/image\/prix_consommation.jpg\" width=\"660\" height=\"330\" alt=\"prix_consommation.jpg\" title=\"prix_consommation.jpg\"\/><\/div>\n<\/div>\n<p class=\"rtejustify\">Le comportement des prix \u00e0 la consommation fait dire aux autorit\u00e9s mon\u00e9taires que les craintes li\u00e9es au pouvoir d&rsquo;achat \u00e0 l&rsquo;approche de la mise en \u0153uvre de la r\u00e9forme du r\u00e9gime de change \u00e9taient injustifi\u00e9es. En moyenne sur les cinq premiers mois de l&rsquo;ann\u00e9e, les prix ont recul\u00e9 de 0,1% (source: HCP). Apr\u00e8s 1,9% en 2018, l&rsquo;inflation ralentirait \u00e0 0,6% en 2019 selon les derni\u00e8res pr\u00e9visions de la banque centrale. L&rsquo;inflation sous-jacente, qui exclut les prix des produits volatils et ceux des produits r\u00e9glement\u00e9s, ne d\u00e9passerait pas 0,8%.\u00a0<br \/>Ce r\u00e9gime n&rsquo;est bon pour personne (Etat, m\u00e9nages, entreprises&#8230;). Le gain de pouvoir d&rsquo;achat pour les m\u00e9nages cons\u00e9cutif \u00e0 la baisse des prix est relatif puisque, dans le m\u00eame temps, les entreprises, elles aussi, proc\u00e8dent \u00e0 des ajustements qui peuvent toucher les salaires. Si les prix ne progressent pas beaucoup, c&rsquo;est aussi parce que l&rsquo;activit\u00e9 ralentit et les m\u00e9nages ont tendance \u00e0 freiner leur consommation. Le niveau du ch\u00f4mage et la pr\u00e9carit\u00e9 de nombreux emplois p\u00e8sent sur leurs achats. Au premier trimestre, la consommation des m\u00e9nages n&rsquo;a progress\u00e9 que de 2,8%. Cela veut dire une demande moins robuste adress\u00e9e aux entreprises et a priori une att\u00e9nuation des rentr\u00e9es fiscales pour l&rsquo;Etat. L&rsquo;impact du ralentissement de la consommation des m\u00e9nages est plus visible sur les recettes de TVA. Sans compter la fraude qui p\u00e8se lourd sur le rendement de cet imp\u00f4t.\u00a0 Id\u00e9alement, la banque centrale vise une inflation aux alentours de 2%, ce qui th\u00e9oriquement encouragerait la consommation des m\u00e9nages et l&rsquo;investissement des entreprises. En se projetant jusqu&rsquo;en 2021, la banque centrale pr\u00e9voit une hausse moyenne de 1,1% des prix \u00e0 la consommation. Cette pr\u00e9vision peut \u00e9voluer \u00e0 la hausse comme \u00e0 la baisse, les prix du carburant \u00e0 la pompe, l&rsquo;\u00e9volution des salaires ou encore les d\u00e9cisions de politique mon\u00e9taire \u00e9tant susceptibles d&rsquo;influencer le niveau des prix sur cette p\u00e9riode.<br \/>Parmi les composantes de l&rsquo;inflation, la surchauffe sur les frais de scolarit\u00e9 se poursuit. Ils ont augment\u00e9 de 3,4% sur les cinq premiers mois de l&rsquo;ann\u00e9e contre un rench\u00e9rissement de 1,4% des tarifs dans la restauration et l&rsquo;h\u00f4tellerie. En revanche, les prix des produits alimentaires ont enregistr\u00e9 une baisse de 2,2%. Les prix ont stagn\u00e9 ou baiss\u00e9 dans 15 villes sur les cinq premiers mois.<br \/>\u00a0<\/p>\n<p class=\"rtejustify\">\u00a0<\/p>\n<\/div>\n<p>Auteur: leco_web_admin<br \/>\n<a href=\"https:\/\/www.leconomiste.com\/article\/1046814-une-inflation-basse-tout-sauf-une-bonne-nouvelle\">Cliquez ici pour lire l&rsquo;article depuis sa source.<\/a><\/p>\n","protected":false},"excerpt":{"rendered":"<p>-0,1% en moyenne sur les cinq premiers mois de l&rsquo;ann\u00e9e Cela refroidit la consommation des m\u00e9nages plus qu&rsquo;elle ne l&rsquo;encourage Le comportement des prix \u00e0 la consommation fait dire aux autorit\u00e9s mon\u00e9taires que les craintes li\u00e9es au pouvoir d&rsquo;achat \u00e0 l&rsquo;approche de la mise en \u0153uvre de la r\u00e9forme du r\u00e9gime de change \u00e9taient injustifi\u00e9es. [&hellip;]<\/p>\n","protected":false},"author":1763,"featured_media":42534,"comment_status":"closed","ping_status":"closed","sticky":false,"template":"","format":"standard","meta":{"fifu_image_url":"","fifu_image_alt":"","footnotes":""},"categories":[78,54],"tags":[],"class_list":["post-42533","post","type-post","status-publish","format-standard","has-post-thumbnail","hentry","category-economie","category-maroc"],"_links":{"self":[{"href":"https:\/\/linitiative.ca\/International\/wp-json\/wp\/v2\/posts\/42533","targetHints":{"allow":["GET"]}}],"collection":[{"href":"https:\/\/linitiative.ca\/International\/wp-json\/wp\/v2\/posts"}],"about":[{"href":"https:\/\/linitiative.ca\/International\/wp-json\/wp\/v2\/types\/post"}],"author":[{"embeddable":true,"href":"https:\/\/linitiative.ca\/International\/wp-json\/wp\/v2\/users\/1763"}],"replies":[{"embeddable":true,"href":"https:\/\/linitiative.ca\/International\/wp-json\/wp\/v2\/comments?post=42533"}],"version-history":[{"count":0,"href":"https:\/\/linitiative.ca\/International\/wp-json\/wp\/v2\/posts\/42533\/revisions"}],"wp:featuredmedia":[{"embeddable":true,"href":"https:\/\/linitiative.ca\/International\/wp-json\/"}],"wp:attachment":[{"href":"https:\/\/linitiative.ca\/International\/wp-json\/wp\/v2\/media?parent=42533"}],"wp:term":[{"taxonomy":"category","embeddable":true,"href":"https:\/\/linitiative.ca\/International\/wp-json\/wp\/v2\/categories?post=42533"},{"taxonomy":"post_tag","embeddable":true,"href":"https:\/\/linitiative.ca\/International\/wp-json\/wp\/v2\/tags?post=42533"}],"curies":[{"name":"wp","href":"https:\/\/api.w.org\/{rel}","templated":true}]}}