{"id":42540,"date":"2019-06-25T15:13:56","date_gmt":"2019-06-25T19:13:56","guid":{"rendered":"https:\/\/linitiative.ca\/International\/ligue-1-2-usma-dziri-choisit-son-staff\/"},"modified":"2019-06-25T15:13:56","modified_gmt":"2019-06-25T19:13:56","slug":"ligue-1-2-usma-dziri-choisit-son-staff","status":"publish","type":"post","link":"https:\/\/linitiative.ca\/International\/ligue-1-2-usma-dziri-choisit-son-staff\/","title":{"rendered":"Ligue 1 &amp; 2 : USMA : Dziri choisit son staff"},"content":{"rendered":"<div readability=\"32\">\n<p>Auteur : <span>M. Z.<\/span> <span class=\"time\">mardi 25 juin 2019 11:54<\/span><\/p>\n<\/div>\n<div id=\"post_core\" readability=\"57\">\n<p>Pr\u00e9vu ce lundi, la signature du contrat de l\u2019entraineur Billel Dziri sera effectu\u00e9e demain, ou au plus tard apr\u00e8s-demain, apr\u00e8s avoir tout conclu dimanche pass\u00e9 avec les dirigeants des Rouge et Noir. Ce dernier a par ailleurs conclu la venue de son adjoint au CABBA, \u00e0 savoir Karim Messaoudi, tout en \u00e9tant d\u2019accord avec le maintien du pr\u00e9parateur physique Adel Laabani. A ceux-l\u00e0, il faut ajouter le duo Hamdoud-Belmellat, avec qui il a jou\u00e9 de longues ann\u00e9es sous les couleurs de l\u2019USMA.<br \/><strong>On attend le d\u00e9but de l\u2019entra\u00eenement<\/strong><br \/>Si d\u2019un c\u00f4t\u00e9, la d\u00e9signation de Bille Dziri a \u00e9t\u00e9 act\u00e9e par les dirigeants, il se trouve que les membres du staff technique ne savent pas quand ils pourront entamer leur mission avec les joueurs, eux qui devront se r\u00e9unir avec les responsables pour d\u00e9finir la date du d\u00e9but des entrainements, qui avait \u00e9t\u00e9 fix\u00e9e au 29 de ce mois.<br \/><strong>Tout sera clair apr\u00e8s la signature du contrat de Dziri<\/strong><br \/>Si jusque-l\u00e0, les choses commencent \u00e0 s\u2019\u00e9claircir \u00e0 l\u2019USMA, ceux-ci devront \u00eatre plus visibles la semaine prochaine apr\u00e8s la signature du contrat de l\u2019entraineur revenant Bille Dziri. A partir de l\u00e0, le club pourra normalement entamer ses pr\u00e9paratifs d\u2019intersaison, et surtout rassurer les supporters, qui ne cessent de demander apr\u00e8s l\u2019avenir du club en Ligue 1Mobilis.<br \/><strong>Il a \u00e9mis des r\u00e9serves sur les joueurs cibl\u00e9s<\/strong><br \/>Avant m\u00eame d\u2019apposer sa signature au bas d\u2019un contrat, le coach Bille Dziri s\u2019est montr\u00e9 r\u00e9ticent sur le recrutement de certains joueurs cibl\u00e9s par la cellule de recrutement. En revanche, il a parl\u00e9 d\u2019autres joueurs qu\u2019il pr\u00e9f\u00e8re ramener, et qu\u2019il juge plus utiles pour son club. Il est \u00e0 signaler que les joueurs que veut Dziri risquent d\u2019\u00eatre chers pour le club, \u00e0 moins que\u2026<\/p>\n<p><strong>Publi\u00e9 dans :<\/strong> <span>USMA<\/span> <span>Dziri<\/span><\/p>\n<\/div>\n<p>Auteur:<br \/>\n<a href=\"http:\/\/www.lebuteur.com\/article\/detail?titre=usma-dziri-choisit-son-staff&#038;id=89819&#038;utm_source=feedburner&#038;utm_medium=feed&#038;utm_campaign=Feed%3A+GalerieFArtciles+%28Les+derniers+articles++-+lebuteur.com%29\">Cliquez ici pour lire l&rsquo;article depuis sa source.<\/a><\/p>\n","protected":false},"excerpt":{"rendered":"<p>Auteur : M. Z. mardi 25 juin 2019 11:54 Pr\u00e9vu ce lundi, la signature du contrat de l\u2019entraineur Billel Dziri sera effectu\u00e9e demain, ou au plus tard apr\u00e8s-demain, apr\u00e8s avoir tout conclu dimanche pass\u00e9 avec les dirigeants des Rouge et Noir. Ce dernier a par ailleurs conclu la venue de son adjoint au CABBA, \u00e0 [&hellip;]<\/p>\n","protected":false},"author":1738,"featured_media":42541,"comment_status":"closed","ping_status":"closed","sticky":false,"template":"","format":"standard","meta":{"fifu_image_url":"","fifu_image_alt":"","footnotes":""},"categories":[53,75],"tags":[],"class_list":["post-42540","post","type-post","status-publish","format-standard","has-post-thumbnail","hentry","category-algerie","category-sport"],"_links":{"self":[{"href":"https:\/\/linitiative.ca\/International\/wp-json\/wp\/v2\/posts\/42540","targetHints":{"allow":["GET"]}}],"collection":[{"href":"https:\/\/linitiative.ca\/International\/wp-json\/wp\/v2\/posts"}],"about":[{"href":"https:\/\/linitiative.ca\/International\/wp-json\/wp\/v2\/types\/post"}],"author":[{"embeddable":true,"href":"https:\/\/linitiative.ca\/International\/wp-json\/wp\/v2\/users\/1738"}],"replies":[{"embeddable":true,"href":"https:\/\/linitiative.ca\/International\/wp-json\/wp\/v2\/comments?post=42540"}],"version-history":[{"count":0,"href":"https:\/\/linitiative.ca\/International\/wp-json\/wp\/v2\/posts\/42540\/revisions"}],"wp:featuredmedia":[{"embeddable":true,"href":"https:\/\/linitiative.ca\/International\/wp-json\/"}],"wp:attachment":[{"href":"https:\/\/linitiative.ca\/International\/wp-json\/wp\/v2\/media?parent=42540"}],"wp:term":[{"taxonomy":"category","embeddable":true,"href":"https:\/\/linitiative.ca\/International\/wp-json\/wp\/v2\/categories?post=42540"},{"taxonomy":"post_tag","embeddable":true,"href":"https:\/\/linitiative.ca\/International\/wp-json\/wp\/v2\/tags?post=42540"}],"curies":[{"name":"wp","href":"https:\/\/api.w.org\/{rel}","templated":true}]}}