{"id":42542,"date":"2019-06-25T15:13:57","date_gmt":"2019-06-25T19:13:57","guid":{"rendered":"https:\/\/linitiative.ca\/International\/afrique-rdc-les-frais-de-la-delegation-font-parler-au-congo\/"},"modified":"2019-06-25T15:13:57","modified_gmt":"2019-06-25T19:13:57","slug":"afrique-rdc-les-frais-de-la-delegation-font-parler-au-congo","status":"publish","type":"post","link":"https:\/\/linitiative.ca\/International\/afrique-rdc-les-frais-de-la-delegation-font-parler-au-congo\/","title":{"rendered":"Afrique : RDC : Les frais de la d\u00e9l\u00e9gation font parler au Congo"},"content":{"rendered":"<div readability=\"32\">\n<p>Auteur : <span class=\"time\">mardi 25 juin 2019 12:12<\/span><\/p>\n<\/div>\n<div id=\"post_core\" readability=\"38\">\n<p>En effet, le s\u00e9jour total de cette d\u00e9l\u00e9gation co\u00fbterait dans les 70 000 dollars. Parmi ces invit\u00e9s figurent des journalistes, des membres de la pr\u00e9sidence congolaise et du Comit\u00e9 national de soutien aux L\u00e9opards (\u00e9quipe de r\u00e9publique d\u00e9mocratique du Congo de football) comme l&rsquo;indique Sport24. Un chiffre qui fait pol\u00e9mique au Congo, un pays o\u00f9 le taux de pauvret\u00e9 d&rsquo;\u00e9l\u00e8ve \u00e0 plus de 60%.\u00a0<\/p>\n<p><strong>Publi\u00e9 dans :<\/strong> <span>Congo<\/span><\/p>\n<\/div>\n<p>Auteur:<br \/>\n<a href=\"http:\/\/www.lebuteur.com\/article\/detail?titre=rdc-les-frais-de-la-delegation-font-parler-au-congo&#038;id=89837&#038;utm_source=feedburner&#038;utm_medium=feed&#038;utm_campaign=Feed%3A+GalerieFArtciles+%28Les+derniers+articles++-+lebuteur.com%29\">Cliquez ici pour lire l&rsquo;article depuis sa source.<\/a><\/p>\n","protected":false},"excerpt":{"rendered":"<p>Auteur : mardi 25 juin 2019 12:12 En effet, le s\u00e9jour total de cette d\u00e9l\u00e9gation co\u00fbterait dans les 70 000 dollars. Parmi ces invit\u00e9s figurent des journalistes, des membres de la pr\u00e9sidence congolaise et du Comit\u00e9 national de soutien aux L\u00e9opards (\u00e9quipe de r\u00e9publique d\u00e9mocratique du Congo de football) comme l&rsquo;indique Sport24. Un chiffre qui [&hellip;]<\/p>\n","protected":false},"author":1738,"featured_media":42543,"comment_status":"closed","ping_status":"closed","sticky":false,"template":"","format":"standard","meta":{"fifu_image_url":"","fifu_image_alt":"","footnotes":""},"categories":[53,75],"tags":[],"class_list":["post-42542","post","type-post","status-publish","format-standard","has-post-thumbnail","hentry","category-algerie","category-sport"],"_links":{"self":[{"href":"https:\/\/linitiative.ca\/International\/wp-json\/wp\/v2\/posts\/42542","targetHints":{"allow":["GET"]}}],"collection":[{"href":"https:\/\/linitiative.ca\/International\/wp-json\/wp\/v2\/posts"}],"about":[{"href":"https:\/\/linitiative.ca\/International\/wp-json\/wp\/v2\/types\/post"}],"author":[{"embeddable":true,"href":"https:\/\/linitiative.ca\/International\/wp-json\/wp\/v2\/users\/1738"}],"replies":[{"embeddable":true,"href":"https:\/\/linitiative.ca\/International\/wp-json\/wp\/v2\/comments?post=42542"}],"version-history":[{"count":0,"href":"https:\/\/linitiative.ca\/International\/wp-json\/wp\/v2\/posts\/42542\/revisions"}],"wp:featuredmedia":[{"embeddable":true,"href":"https:\/\/linitiative.ca\/International\/wp-json\/"}],"wp:attachment":[{"href":"https:\/\/linitiative.ca\/International\/wp-json\/wp\/v2\/media?parent=42542"}],"wp:term":[{"taxonomy":"category","embeddable":true,"href":"https:\/\/linitiative.ca\/International\/wp-json\/wp\/v2\/categories?post=42542"},{"taxonomy":"post_tag","embeddable":true,"href":"https:\/\/linitiative.ca\/International\/wp-json\/wp\/v2\/tags?post=42542"}],"curies":[{"name":"wp","href":"https:\/\/api.w.org\/{rel}","templated":true}]}}