{"id":42544,"date":"2019-06-25T15:13:58","date_gmt":"2019-06-25T19:13:58","guid":{"rendered":"https:\/\/linitiative.ca\/International\/people-apres-leur-separation-pamela-anderson-balance-tout-sur-adil-rami\/"},"modified":"2019-06-25T15:13:58","modified_gmt":"2019-06-25T19:13:58","slug":"people-apres-leur-separation-pamela-anderson-balance-tout-sur-adil-rami","status":"publish","type":"post","link":"https:\/\/linitiative.ca\/International\/people-apres-leur-separation-pamela-anderson-balance-tout-sur-adil-rami\/","title":{"rendered":"People : Apr\u00e8s leur s\u00e9paration, Pamela Anderson balance tout sur Adil Rami"},"content":{"rendered":"<div readability=\"32\">\n<p>Auteur : <span class=\"time\">mardi 25 juin 2019 12:21<\/span><\/p>\n<\/div>\n<div id=\"post_core\" readability=\"41\">\n<p>L\u2019ancienne actrice vedette de la s\u00e9rie \u00ab\u00a0Alerte \u00e0 Malibu\u00a0\u00bb regrette notamment la double vie men\u00e9e par le champion du monde 2018, lequel prend cher dans ce message qui ne devrait pas manquer de faire r\u00e9agir :<\/p>\n<p>\u00ab\u00a0C\u2019est difficile \u00e0 accepter. Les deux derni\u00e8res ann\u00e9es de ma vie ont \u00e9t\u00e9 un grand mensonge. J&rsquo;ai \u00e9t\u00e9 arnaqu\u00e9e, amen\u00e9e \u00e0 croire&#8230; nous \u00e9tions en \u00ab\u00a0grand amour\u00a0\u00bb ? Je suis d\u00e9vast\u00e9e d&rsquo;avoir d\u00e9couvert au cours des derniers jours qu&rsquo;il menait une double vie. Il plaisantait sur les autres joueurs qui avaient des copines dehors dans des appartements proches de leurs femmes. Il a appel\u00e9 ces hommes des monstres ? Mais c&rsquo;est pire. Il a menti \u00e0 tout le monde. Comment est-ce possible de contr\u00f4ler deux c\u0153urs et esprits de femmes comme \u00e7a. Je suis s\u00fbre qu&rsquo;il y en avait d&rsquo;autres. C&rsquo;est lui le monstre. Comment ai-je pu aider autant de gens et ne pas \u00eatre assez sage ou capable de m&rsquo;aider ?\u00a0\u00bb s\u2019est exprim\u00e9 Pamela Anderson comme le rapporte Foot01.<\/p>\n<p><strong>Publi\u00e9 dans :<\/strong> <span>Adil Rami<\/span><\/p>\n<\/div>\n<p>Auteur:<br \/>\n<a href=\"http:\/\/www.lebuteur.com\/article\/detail?titre=apres-leur-separation-pamela-anderson-balance-tout-sur-adil-rami&#038;id=89838&#038;utm_source=feedburner&#038;utm_medium=feed&#038;utm_campaign=Feed%3A+GalerieFArtciles+%28Les+derniers+articles++-+lebuteur.com%29\">Cliquez ici pour lire l&rsquo;article depuis sa source.<\/a><\/p>\n","protected":false},"excerpt":{"rendered":"<p>Auteur : mardi 25 juin 2019 12:21 L\u2019ancienne actrice vedette de la s\u00e9rie \u00ab\u00a0Alerte \u00e0 Malibu\u00a0\u00bb regrette notamment la double vie men\u00e9e par le champion du monde 2018, lequel prend cher dans ce message qui ne devrait pas manquer de faire r\u00e9agir : \u00ab\u00a0C\u2019est difficile \u00e0 accepter. Les deux derni\u00e8res ann\u00e9es de ma vie ont [&hellip;]<\/p>\n","protected":false},"author":1738,"featured_media":42545,"comment_status":"closed","ping_status":"closed","sticky":false,"template":"","format":"standard","meta":{"fifu_image_url":"","fifu_image_alt":"","footnotes":""},"categories":[53,75],"tags":[],"class_list":["post-42544","post","type-post","status-publish","format-standard","has-post-thumbnail","hentry","category-algerie","category-sport"],"_links":{"self":[{"href":"https:\/\/linitiative.ca\/International\/wp-json\/wp\/v2\/posts\/42544","targetHints":{"allow":["GET"]}}],"collection":[{"href":"https:\/\/linitiative.ca\/International\/wp-json\/wp\/v2\/posts"}],"about":[{"href":"https:\/\/linitiative.ca\/International\/wp-json\/wp\/v2\/types\/post"}],"author":[{"embeddable":true,"href":"https:\/\/linitiative.ca\/International\/wp-json\/wp\/v2\/users\/1738"}],"replies":[{"embeddable":true,"href":"https:\/\/linitiative.ca\/International\/wp-json\/wp\/v2\/comments?post=42544"}],"version-history":[{"count":0,"href":"https:\/\/linitiative.ca\/International\/wp-json\/wp\/v2\/posts\/42544\/revisions"}],"wp:featuredmedia":[{"embeddable":true,"href":"https:\/\/linitiative.ca\/International\/wp-json\/"}],"wp:attachment":[{"href":"https:\/\/linitiative.ca\/International\/wp-json\/wp\/v2\/media?parent=42544"}],"wp:term":[{"taxonomy":"category","embeddable":true,"href":"https:\/\/linitiative.ca\/International\/wp-json\/wp\/v2\/categories?post=42544"},{"taxonomy":"post_tag","embeddable":true,"href":"https:\/\/linitiative.ca\/International\/wp-json\/wp\/v2\/tags?post=42544"}],"curies":[{"name":"wp","href":"https:\/\/api.w.org\/{rel}","templated":true}]}}