{"id":42546,"date":"2019-06-25T15:14:00","date_gmt":"2019-06-25T19:14:00","guid":{"rendered":"https:\/\/linitiative.ca\/International\/international-om-la-piste-brahimi-prend-du-plomb-dans-laile\/"},"modified":"2019-06-25T15:14:00","modified_gmt":"2019-06-25T19:14:00","slug":"international-om-la-piste-brahimi-prend-du-plomb-dans-laile","status":"publish","type":"post","link":"https:\/\/linitiative.ca\/International\/international-om-la-piste-brahimi-prend-du-plomb-dans-laile\/","title":{"rendered":"International : OM : La piste Brahimi prend du plomb dans l&rsquo;aile"},"content":{"rendered":"<div readability=\"32\">\n<p>Auteur : <span class=\"time\">mardi 25 juin 2019 13:30<\/span><\/p>\n<\/div>\n<div id=\"post_core\" readability=\"45\">\n<p>Yacine Brahimi (29 ans) arrive au terme de son contrat avec le FC Porto. Une belle affaire donc \u00e0 r\u00e9aliser pour n&rsquo;importe quel club et cela ne passe pas inaper\u00e7u \u00e0 l\u2019OM comme l&rsquo;indique Le10sport. En effet, ces derniers mois, le nom de Brahimi a r\u00e9guli\u00e8rement \u00e9t\u00e9 associ\u00e9 aux Phoc\u00e9ens.<\/p>\n<p>L&rsquo;international alg\u00e9rien pourrait-il \u00eatre la grosse recrue de l\u2019\u00e9t\u00e9 d\u2019Andr\u00e9 Villas-Boas\u00a0? A en croire les derni\u00e8res informations de La Provence, cela semble difficile de voir l\u2019Alg\u00e9rien s\u2019engager avec l\u2019OM. En effet, pour le quotidien r\u00e9gional, une source a tenu \u00e0 d\u00e9mentir les diff\u00e9rentes rumeurs au sujet de\u00a0Brahimi : \u00ab\u00a0C\u2019est faux, il n\u2019y a aucun contact\u00a0\u00bb.<\/p>\n<p><strong>Publi\u00e9 dans :<\/strong> <span>OM<\/span><\/p>\n<\/div>\n<p>Auteur:<br \/>\n<a href=\"http:\/\/www.lebuteur.com\/article\/detail?titre=om-la-piste-brahimi-prend-du-plomb-dans-laile&#038;id=89839&#038;utm_source=feedburner&#038;utm_medium=feed&#038;utm_campaign=Feed%3A+GalerieFArtciles+%28Les+derniers+articles++-+lebuteur.com%29\">Cliquez ici pour lire l&rsquo;article depuis sa source.<\/a><\/p>\n","protected":false},"excerpt":{"rendered":"<p>Auteur : mardi 25 juin 2019 13:30 Yacine Brahimi (29 ans) arrive au terme de son contrat avec le FC Porto. Une belle affaire donc \u00e0 r\u00e9aliser pour n&rsquo;importe quel club et cela ne passe pas inaper\u00e7u \u00e0 l\u2019OM comme l&rsquo;indique Le10sport. En effet, ces derniers mois, le nom de Brahimi a r\u00e9guli\u00e8rement \u00e9t\u00e9 associ\u00e9 [&hellip;]<\/p>\n","protected":false},"author":1738,"featured_media":42547,"comment_status":"closed","ping_status":"closed","sticky":false,"template":"","format":"standard","meta":{"fifu_image_url":"","fifu_image_alt":"","footnotes":""},"categories":[53,75],"tags":[],"class_list":["post-42546","post","type-post","status-publish","format-standard","has-post-thumbnail","hentry","category-algerie","category-sport"],"_links":{"self":[{"href":"https:\/\/linitiative.ca\/International\/wp-json\/wp\/v2\/posts\/42546","targetHints":{"allow":["GET"]}}],"collection":[{"href":"https:\/\/linitiative.ca\/International\/wp-json\/wp\/v2\/posts"}],"about":[{"href":"https:\/\/linitiative.ca\/International\/wp-json\/wp\/v2\/types\/post"}],"author":[{"embeddable":true,"href":"https:\/\/linitiative.ca\/International\/wp-json\/wp\/v2\/users\/1738"}],"replies":[{"embeddable":true,"href":"https:\/\/linitiative.ca\/International\/wp-json\/wp\/v2\/comments?post=42546"}],"version-history":[{"count":0,"href":"https:\/\/linitiative.ca\/International\/wp-json\/wp\/v2\/posts\/42546\/revisions"}],"wp:featuredmedia":[{"embeddable":true,"href":"https:\/\/linitiative.ca\/International\/wp-json\/"}],"wp:attachment":[{"href":"https:\/\/linitiative.ca\/International\/wp-json\/wp\/v2\/media?parent=42546"}],"wp:term":[{"taxonomy":"category","embeddable":true,"href":"https:\/\/linitiative.ca\/International\/wp-json\/wp\/v2\/categories?post=42546"},{"taxonomy":"post_tag","embeddable":true,"href":"https:\/\/linitiative.ca\/International\/wp-json\/wp\/v2\/tags?post=42546"}],"curies":[{"name":"wp","href":"https:\/\/api.w.org\/{rel}","templated":true}]}}