{"id":42550,"date":"2019-06-25T15:14:03","date_gmt":"2019-06-25T19:14:03","guid":{"rendered":"https:\/\/linitiative.ca\/International\/international-monaco-fabregas-pousse-vers-la-sortie-mais\/"},"modified":"2019-06-25T15:14:03","modified_gmt":"2019-06-25T19:14:03","slug":"international-monaco-fabregas-pousse-vers-la-sortie-mais","status":"publish","type":"post","link":"https:\/\/linitiative.ca\/International\/international-monaco-fabregas-pousse-vers-la-sortie-mais\/","title":{"rendered":"International : Monaco : Fabregas pouss\u00e9 vers la sortie, mais&#8230;"},"content":{"rendered":"<div readability=\"32\">\n<p>Auteur : <span class=\"time\">mardi 25 juin 2019 15:15<\/span><\/p>\n<\/div>\n<div id=\"post_core\" readability=\"49\">\n<p>Peu d\u00e9cisif, le milieu espagnol n&rsquo;a pas eu le rendement escompt\u00e9 et pousse ses dirigeants \u00e0 envisager un transfert estival. D&rsquo;apr\u00e8s France Football et Maxifoot, la direction mon\u00e9gasque se verrait bien le vendre, mais la mission s&rsquo;annonce tr\u00e8s compliqu\u00e9e.<\/p>\n<p>Car en Principaut\u00e9, l&rsquo;Espagnol b\u00e9n\u00e9ficie d&rsquo;un pont d&rsquo;or. En plus de la lucrative prime \u00e0 la signature de 10 M\u20ac qui lui a \u00e9t\u00e9 accord\u00e9e en janvier dernier, l&rsquo;ancien de Chelsea \u00e9marge \u00e0 plus de 7 millions de salaire net annuel, et ce jusqu&rsquo;en 2022. Des montants \u00e9lev\u00e9s, qui refroidissent forc\u00e9ment les courtisans du joueur, hormis des \u00e9curies chinoises potentiellement. A Monaco donc de trouver les solutions ou de relancer son joueur.<\/p>\n<p><strong>Publi\u00e9 dans :<\/strong> <span>monaco<\/span> <span>fabregas<\/span><\/p>\n<\/div>\n<p>Auteur:<br \/>\n<a href=\"http:\/\/www.lebuteur.com\/article\/detail?titre=monaco-fabregas-pousse-vers-la-sortie-mais&#038;id=89841&#038;utm_source=feedburner&#038;utm_medium=feed&#038;utm_campaign=Feed%3A+GalerieFArtciles+%28Les+derniers+articles++-+lebuteur.com%29\">Cliquez ici pour lire l&rsquo;article depuis sa source.<\/a><\/p>\n","protected":false},"excerpt":{"rendered":"<p>Auteur : mardi 25 juin 2019 15:15 Peu d\u00e9cisif, le milieu espagnol n&rsquo;a pas eu le rendement escompt\u00e9 et pousse ses dirigeants \u00e0 envisager un transfert estival. D&rsquo;apr\u00e8s France Football et Maxifoot, la direction mon\u00e9gasque se verrait bien le vendre, mais la mission s&rsquo;annonce tr\u00e8s compliqu\u00e9e. Car en Principaut\u00e9, l&rsquo;Espagnol b\u00e9n\u00e9ficie d&rsquo;un pont d&rsquo;or. En [&hellip;]<\/p>\n","protected":false},"author":1738,"featured_media":42551,"comment_status":"closed","ping_status":"closed","sticky":false,"template":"","format":"standard","meta":{"fifu_image_url":"","fifu_image_alt":"","footnotes":""},"categories":[53,75],"tags":[],"class_list":["post-42550","post","type-post","status-publish","format-standard","has-post-thumbnail","hentry","category-algerie","category-sport"],"_links":{"self":[{"href":"https:\/\/linitiative.ca\/International\/wp-json\/wp\/v2\/posts\/42550","targetHints":{"allow":["GET"]}}],"collection":[{"href":"https:\/\/linitiative.ca\/International\/wp-json\/wp\/v2\/posts"}],"about":[{"href":"https:\/\/linitiative.ca\/International\/wp-json\/wp\/v2\/types\/post"}],"author":[{"embeddable":true,"href":"https:\/\/linitiative.ca\/International\/wp-json\/wp\/v2\/users\/1738"}],"replies":[{"embeddable":true,"href":"https:\/\/linitiative.ca\/International\/wp-json\/wp\/v2\/comments?post=42550"}],"version-history":[{"count":0,"href":"https:\/\/linitiative.ca\/International\/wp-json\/wp\/v2\/posts\/42550\/revisions"}],"wp:featuredmedia":[{"embeddable":true,"href":"https:\/\/linitiative.ca\/International\/wp-json\/"}],"wp:attachment":[{"href":"https:\/\/linitiative.ca\/International\/wp-json\/wp\/v2\/media?parent=42550"}],"wp:term":[{"taxonomy":"category","embeddable":true,"href":"https:\/\/linitiative.ca\/International\/wp-json\/wp\/v2\/categories?post=42550"},{"taxonomy":"post_tag","embeddable":true,"href":"https:\/\/linitiative.ca\/International\/wp-json\/wp\/v2\/tags?post=42550"}],"curies":[{"name":"wp","href":"https:\/\/api.w.org\/{rel}","templated":true}]}}