{"id":42552,"date":"2019-06-25T15:14:04","date_gmt":"2019-06-25T19:14:04","guid":{"rendered":"https:\/\/linitiative.ca\/International\/pros-nimes-pense-a-zinedine-ferhat\/"},"modified":"2019-06-25T15:14:04","modified_gmt":"2019-06-25T19:14:04","slug":"pros-nimes-pense-a-zinedine-ferhat","status":"publish","type":"post","link":"https:\/\/linitiative.ca\/International\/pros-nimes-pense-a-zinedine-ferhat\/","title":{"rendered":"Pros : N\u00eemes pense \u00e0 Zinedine Ferhat"},"content":{"rendered":"<div readability=\"32\">\n<p>Auteur : <span class=\"time\">mardi 25 juin 2019 18:27<\/span><\/p>\n<\/div>\n<div id=\"post_core\" readability=\"41\">\n<p>L&rsquo;avenir de Denis Bouanga se joue en ce moment m\u00eame. La lutte entre Rennes et l&rsquo;AS Saint-Etienne continue, m\u00eame si les Verts ont clairement un avantage. L&rsquo;international gabonais a une r\u00e9elle pr\u00e9f\u00e9rence pour le projet st\u00e9phanois, s\u00e9duit par le discours de Ghislain Printant et la perspective de jouer dans le chaudron vert. Et si N\u00eemes a \u00e9galement re\u00e7u une approche venue d&rsquo;Angleterre, Denis Bouanga garde l&rsquo;ASSE en t\u00eate. Dans la perspective d&rsquo;une vente de Denis Bouanga, N\u00eemes surveille attentivement le march\u00e9. Et le profil de Zinedine Ferhat semble plaire. Libre de tout contrat, le milieu de terrain \u00e2g\u00e9 de 26 ans est un coup \u00e0 faire cet \u00e9t\u00e9. Pist\u00e9 par Metz, il pourrait \u00eatre s\u00e9duit par le projet gardois rapporte Le 10 Sport.<\/p>\n<p><strong>Publi\u00e9 dans :<\/strong> <span>ferhat<\/span><\/p>\n<\/div>\n<p>Auteur:<br \/>\n<a href=\"http:\/\/www.lebuteur.com\/article\/detail?titre=nimes-pense-a-zinedine-ferhat&#038;id=89842&#038;utm_source=feedburner&#038;utm_medium=feed&#038;utm_campaign=Feed%3A+GalerieFArtciles+%28Les+derniers+articles++-+lebuteur.com%29\">Cliquez ici pour lire l&rsquo;article depuis sa source.<\/a><\/p>\n","protected":false},"excerpt":{"rendered":"<p>Auteur : mardi 25 juin 2019 18:27 L&rsquo;avenir de Denis Bouanga se joue en ce moment m\u00eame. La lutte entre Rennes et l&rsquo;AS Saint-Etienne continue, m\u00eame si les Verts ont clairement un avantage. L&rsquo;international gabonais a une r\u00e9elle pr\u00e9f\u00e9rence pour le projet st\u00e9phanois, s\u00e9duit par le discours de Ghislain Printant et la perspective de jouer [&hellip;]<\/p>\n","protected":false},"author":1738,"featured_media":42553,"comment_status":"closed","ping_status":"closed","sticky":false,"template":"","format":"standard","meta":{"fifu_image_url":"","fifu_image_alt":"","footnotes":""},"categories":[53,75],"tags":[],"class_list":["post-42552","post","type-post","status-publish","format-standard","has-post-thumbnail","hentry","category-algerie","category-sport"],"_links":{"self":[{"href":"https:\/\/linitiative.ca\/International\/wp-json\/wp\/v2\/posts\/42552","targetHints":{"allow":["GET"]}}],"collection":[{"href":"https:\/\/linitiative.ca\/International\/wp-json\/wp\/v2\/posts"}],"about":[{"href":"https:\/\/linitiative.ca\/International\/wp-json\/wp\/v2\/types\/post"}],"author":[{"embeddable":true,"href":"https:\/\/linitiative.ca\/International\/wp-json\/wp\/v2\/users\/1738"}],"replies":[{"embeddable":true,"href":"https:\/\/linitiative.ca\/International\/wp-json\/wp\/v2\/comments?post=42552"}],"version-history":[{"count":0,"href":"https:\/\/linitiative.ca\/International\/wp-json\/wp\/v2\/posts\/42552\/revisions"}],"wp:featuredmedia":[{"embeddable":true,"href":"https:\/\/linitiative.ca\/International\/wp-json\/"}],"wp:attachment":[{"href":"https:\/\/linitiative.ca\/International\/wp-json\/wp\/v2\/media?parent=42552"}],"wp:term":[{"taxonomy":"category","embeddable":true,"href":"https:\/\/linitiative.ca\/International\/wp-json\/wp\/v2\/categories?post=42552"},{"taxonomy":"post_tag","embeddable":true,"href":"https:\/\/linitiative.ca\/International\/wp-json\/wp\/v2\/tags?post=42552"}],"curies":[{"name":"wp","href":"https:\/\/api.w.org\/{rel}","templated":true}]}}