{"id":42554,"date":"2019-06-25T15:14:05","date_gmt":"2019-06-25T19:14:05","guid":{"rendered":"https:\/\/linitiative.ca\/International\/equipe-dalgerie-algerie-senegal-janny-sikazwe-au-sifflet\/"},"modified":"2019-06-25T15:14:05","modified_gmt":"2019-06-25T19:14:05","slug":"equipe-dalgerie-algerie-senegal-janny-sikazwe-au-sifflet","status":"publish","type":"post","link":"https:\/\/linitiative.ca\/International\/equipe-dalgerie-algerie-senegal-janny-sikazwe-au-sifflet\/","title":{"rendered":"Equipe d&rsquo;Alg\u00e9rie : Alg\u00e9rie \u2013 S\u00e9n\u00e9gal: Janny Sikazwe au sifflet"},"content":{"rendered":"<div readability=\"32\">\n<p>Auteur : <span class=\"time\">mardi 25 juin 2019 19:22<\/span><\/p>\n<\/div>\n<div id=\"post_core\" readability=\"39\">\n<p>La conf\u00e9d\u00e9ration africaine de football \u00a0a d\u00e9sign\u00e9 l\u2019arbitre Zambien, Janny Sikazwe pour diriger le match de ce jeudi entre l\u2019EN et le S\u00e9n\u00e9gal comptant pour la seconde journ\u00e9e du groupe C de la CAN 2019. Rappelons que cet arbitre avait \u00e9t\u00e9 suspendu provisoirement suite \u00e0 une plainte du Primeiro Agosto \u00e0 l\u2019issue de sa prestation lors de la demi-finale retour de Ligue des champions 2018 contre l\u2019Esp\u00e9rance de Tunis. La suspension a \u00e9t\u00e9 lev\u00e9e le 23 janvier dernier. Janny Sikazwe sera assist\u00e9 du Soudanais Waleed Ahmed Ali et de l\u2019\u00c9rythr\u00e9en Tesfagioghis Berhe, le quatri\u00e8me arbitre \u00e9tant le Seychellois Albert Camille.<\/p>\n<p><strong>Publi\u00e9 dans :<\/strong> <span>Janny Sikazwe<\/span><\/p>\n<\/div>\n<p>Auteur:<br \/>\n<a href=\"http:\/\/www.lebuteur.com\/article\/detail?titre=algerie-senegal-janny-sikazwe-au-sifflet&#038;id=89843&#038;utm_source=feedburner&#038;utm_medium=feed&#038;utm_campaign=Feed%3A+GalerieFArtciles+%28Les+derniers+articles++-+lebuteur.com%29\">Cliquez ici pour lire l&rsquo;article depuis sa source.<\/a><\/p>\n","protected":false},"excerpt":{"rendered":"<p>Auteur : mardi 25 juin 2019 19:22 La conf\u00e9d\u00e9ration africaine de football \u00a0a d\u00e9sign\u00e9 l\u2019arbitre Zambien, Janny Sikazwe pour diriger le match de ce jeudi entre l\u2019EN et le S\u00e9n\u00e9gal comptant pour la seconde journ\u00e9e du groupe C de la CAN 2019. Rappelons que cet arbitre avait \u00e9t\u00e9 suspendu provisoirement suite \u00e0 une plainte du [&hellip;]<\/p>\n","protected":false},"author":1738,"featured_media":42555,"comment_status":"closed","ping_status":"closed","sticky":false,"template":"","format":"standard","meta":{"fifu_image_url":"","fifu_image_alt":"","footnotes":""},"categories":[53,75],"tags":[],"class_list":["post-42554","post","type-post","status-publish","format-standard","has-post-thumbnail","hentry","category-algerie","category-sport"],"_links":{"self":[{"href":"https:\/\/linitiative.ca\/International\/wp-json\/wp\/v2\/posts\/42554","targetHints":{"allow":["GET"]}}],"collection":[{"href":"https:\/\/linitiative.ca\/International\/wp-json\/wp\/v2\/posts"}],"about":[{"href":"https:\/\/linitiative.ca\/International\/wp-json\/wp\/v2\/types\/post"}],"author":[{"embeddable":true,"href":"https:\/\/linitiative.ca\/International\/wp-json\/wp\/v2\/users\/1738"}],"replies":[{"embeddable":true,"href":"https:\/\/linitiative.ca\/International\/wp-json\/wp\/v2\/comments?post=42554"}],"version-history":[{"count":0,"href":"https:\/\/linitiative.ca\/International\/wp-json\/wp\/v2\/posts\/42554\/revisions"}],"wp:featuredmedia":[{"embeddable":true,"href":"https:\/\/linitiative.ca\/International\/wp-json\/"}],"wp:attachment":[{"href":"https:\/\/linitiative.ca\/International\/wp-json\/wp\/v2\/media?parent=42554"}],"wp:term":[{"taxonomy":"category","embeddable":true,"href":"https:\/\/linitiative.ca\/International\/wp-json\/wp\/v2\/categories?post=42554"},{"taxonomy":"post_tag","embeddable":true,"href":"https:\/\/linitiative.ca\/International\/wp-json\/wp\/v2\/tags?post=42554"}],"curies":[{"name":"wp","href":"https:\/\/api.w.org\/{rel}","templated":true}]}}