{"id":42560,"date":"2019-06-24T19:00:00","date_gmt":"2019-06-24T23:00:00","guid":{"rendered":"https:\/\/linitiative.ca\/International\/integration-economique-africaine-le-role-primordial-de-lalgerie\/"},"modified":"2019-06-24T19:00:00","modified_gmt":"2019-06-24T23:00:00","slug":"integration-economique-africaine-le-role-primordial-de-lalgerie","status":"publish","type":"post","link":"https:\/\/linitiative.ca\/International\/integration-economique-africaine-le-role-primordial-de-lalgerie\/","title":{"rendered":"Int\u00e9gration \u00e9conomique africaine  : Le r\u00f4le primordial de l\u2019Alg\u00e9rie"},"content":{"rendered":"<p>L\u2019Alg\u00e9rie continuera de jouer un r\u00f4le \u00abprimordial\u00bb dans le processus d\u2019int\u00e9gration \u00e9conomique intra-africaine, a affirm\u00e9, hier \u00e0 Dakar, le ministre du Commerce, Sa\u00efd Djellab. \u00abL\u2019Alg\u00e9rie joue et continuera de jouer un r\u00f4le primordial dans le processus d\u2019int\u00e9gration \u00e9conomique intra-africaine et dans les diff\u00e9rentes actions et aspirations pour aboutir \u00e0 l\u2019atteinte des objectifs de l\u2019Agenda 2063\u00bb, a indiqu\u00e9 M. Djellab, lors du forum africain sur les enjeux li\u00e9s \u00e0 la mise en \u0153uvre de la Zone de libre-\u00e9change continentale africaine (ZLECAf), dont les travaux ont d\u00e9but\u00e9, hier \u00e0 la capitale s\u00e9n\u00e9galaise. Il a, dans ce sens, soulign\u00e9 les efforts de l\u2019Alg\u00e9rie, notamment pour une \u00abAfrique prosp\u00e8re fond\u00e9e sur la croissance inclusive et le d\u00e9veloppement durable\u00bb, ainsi que pour une \u00abAfrique dont le d\u00e9veloppement est ax\u00e9 sur les populations, qui s\u2019appuie sur le potentiel de ses populations, notamment celles des femmes et des jeunes, qui se soucie du bien-\u00eatre des enfants\u00bb.<br \/>\u00a0L\u2019Alg\u00e9rie \u0153uvre aussi \u00e0 parvenir \u00e0 une \u00abAfrique qui agit en tant qu\u2019acteur et partenaire fort, uni et influent sur la sc\u00e8ne mondiale\u00bb. Pour r\u00e9ussir cette int\u00e9gration, dont les op\u00e9rateurs sont le principal moteur, il est \u00abind\u00e9niable\u00bb que les politiques nationales, en pr\u00e9paration d\u2019int\u00e9gration de cette zone soient \u00abinclusives\u00bb, en faisant participer les forces vives sociales et \u00e9conomiques. Il a, dans ce contexte, relev\u00e9 que l\u2019Alg\u00e9rie avait \u00abd\u00e9j\u00e0 proc\u00e9d\u00e9 \u00e0 l\u2019\u00e9laboration d\u2019un processus participatif et inclusif, pour garantir une adh\u00e9sion des acteurs \u00e9conomiques et sociaux, et assurer une int\u00e9gration durable au sein de la ZLECAf\u00bb. M. Djellab a r\u00e9it\u00e9r\u00e9 la disponibilit\u00e9 de l\u2019Alg\u00e9rie \u00ab\u00e0 \u0153uvrer pour la r\u00e9alisation et la concr\u00e9tisation des objectifs d\u2019int\u00e9gration de la ZLECAf, dans un esprit de coop\u00e9ration renforc\u00e9e, d\u2019un partenariat et des liens de solidarit\u00e9 entre nos pays et nos partenaires au d\u00e9veloppement\u00bb. L\u2019entr\u00e9e en vigueur de la ZLECAf, depuis le 30 mai 2019, constitue, a-t-il affirm\u00e9, un \u00absignal fort\u00bb, aussi bien \u00e0 nous-m\u00eames, en tant que ressortissants africains, qu\u2019au reste du monde, et traduisant la volont\u00e9 ind\u00e9niable des \u00c9tats africains \u00e0 rendre l\u2019int\u00e9gration africaine, une r\u00e9alit\u00e9 palpable.<br \/>\u00a0<\/p>\n<p>Auteur: elmoudjahid<br \/>\n<a href=\"http:\/\/www.elmoudjahid.com\/fr\/actualites\/138510\">Cliquez ici pour lire l&rsquo;article depuis sa source.<\/a><\/p>\n","protected":false},"excerpt":{"rendered":"<p>L\u2019Alg\u00e9rie continuera de jouer un r\u00f4le \u00abprimordial\u00bb dans le processus d\u2019int\u00e9gration \u00e9conomique intra-africaine, a affirm\u00e9, hier \u00e0 Dakar, le ministre du Commerce, Sa\u00efd Djellab. \u00abL\u2019Alg\u00e9rie joue et continuera de jouer un r\u00f4le primordial dans le processus d\u2019int\u00e9gration \u00e9conomique intra-africaine et dans les diff\u00e9rentes actions et aspirations pour aboutir \u00e0 l\u2019atteinte des objectifs de l\u2019Agenda 2063\u00bb, [&hellip;]<\/p>\n","protected":false},"author":1744,"featured_media":0,"comment_status":"closed","ping_status":"closed","sticky":false,"template":"","format":"standard","meta":{"fifu_image_url":"","fifu_image_alt":"","footnotes":""},"categories":[73,53],"tags":[],"class_list":["post-42560","post","type-post","status-publish","format-standard","hentry","category-actualite","category-algerie"],"_links":{"self":[{"href":"https:\/\/linitiative.ca\/International\/wp-json\/wp\/v2\/posts\/42560","targetHints":{"allow":["GET"]}}],"collection":[{"href":"https:\/\/linitiative.ca\/International\/wp-json\/wp\/v2\/posts"}],"about":[{"href":"https:\/\/linitiative.ca\/International\/wp-json\/wp\/v2\/types\/post"}],"author":[{"embeddable":true,"href":"https:\/\/linitiative.ca\/International\/wp-json\/wp\/v2\/users\/1744"}],"replies":[{"embeddable":true,"href":"https:\/\/linitiative.ca\/International\/wp-json\/wp\/v2\/comments?post=42560"}],"version-history":[{"count":0,"href":"https:\/\/linitiative.ca\/International\/wp-json\/wp\/v2\/posts\/42560\/revisions"}],"wp:attachment":[{"href":"https:\/\/linitiative.ca\/International\/wp-json\/wp\/v2\/media?parent=42560"}],"wp:term":[{"taxonomy":"category","embeddable":true,"href":"https:\/\/linitiative.ca\/International\/wp-json\/wp\/v2\/categories?post=42560"},{"taxonomy":"post_tag","embeddable":true,"href":"https:\/\/linitiative.ca\/International\/wp-json\/wp\/v2\/tags?post=42560"}],"curies":[{"name":"wp","href":"https:\/\/api.w.org\/{rel}","templated":true}]}}