{"id":42562,"date":"2019-06-24T19:00:00","date_gmt":"2019-06-24T23:00:00","guid":{"rendered":"https:\/\/linitiative.ca\/International\/parlement-vers-la-levee-dimmunite-de-talai-et-ghoul\/"},"modified":"2019-06-24T19:00:00","modified_gmt":"2019-06-24T23:00:00","slug":"parlement-vers-la-levee-dimmunite-de-talai-et-ghoul","status":"publish","type":"post","link":"https:\/\/linitiative.ca\/International\/parlement-vers-la-levee-dimmunite-de-talai-et-ghoul\/","title":{"rendered":"Parlement : Vers la lev\u00e9e d\u2019immunit\u00e9  de Tala\u00ef  et Ghoul"},"content":{"rendered":"<p>La commission des affaires juridiques, administratives et des libert\u00e9s de l\u2019Assembl\u00e9e populaire nationale (APN) a examin\u00e9, dimanche, la demande de lev\u00e9e de l\u2019immunit\u00e9 parlementaire du membre Boudjema\u00e2 Tala\u00ef, dont le nom figurait sur la liste d\u2019anciens responsables au gouvernement qui font l\u2019objet d\u2019enqu\u00eates par la Cour supr\u00eame, pour leur implication dans des faits \u00e0 caract\u00e8re p\u00e9nal. Selon un communiqu\u00e9 de l\u2019APN, la commission a repris ses travaux avec la tenue d\u2019une r\u00e9union pr\u00e9sid\u00e9e par M. Ammar Djilani, consacr\u00e9e \u00e0 la \u00abvalidation de la qualit\u00e9 de nouveaux membres \u00e0 l\u2019APN et l\u2019examen de la demande de lev\u00e9e de l\u2019immunit\u00e9 parlementaire du membre Boudjemaa Tala\u00ef\u00bb. \u00abLa commission a examin\u00e9 toutes les proc\u00e9dures juridiques relatives \u00e0 la question, auditionn\u00e9 le d\u00e9put\u00e9 concern\u00e9 et examin\u00e9 avec les membres des diff\u00e9rentes mesures l\u00e9gislatives et r\u00e9glementaires relatives \u00e0 la question dans le but de les introduire dans son rapport, conform\u00e9ment aux dispositifs de l\u2019article 72 du r\u00e8glement int\u00e9rieur de l\u2019APN\u00bb. Le bureau du Conseil de la nation a tenu, hier, une r\u00e9union consacr\u00e9e \u00e0 l\u2019examen de la requ\u00eate du ministre de la Justice, garde des Sceaux, portant activation de la proc\u00e9dure de lev\u00e9e d\u2019immunit\u00e9 parlementaire du membre du Conseil Amar Ghoul. La r\u00e9union pr\u00e9sid\u00e9e par le pr\u00e9sident du Conseil de la nation par int\u00e9rim, Salah Goudjil, s\u2019est tenue \u00aben application des dispositions de l\u2019article 127 de la Constitution. Le bureau a transmis la requ\u00eate du ministre de la Justice, garde des Sceaux \u00e0 la Commission comp\u00e9tente, en vue d\u2019\u00e9tablir un rapport\u00bb.<\/p>\n<p>Auteur: elmoudjahid<br \/>\n<a href=\"http:\/\/www.elmoudjahid.com\/fr\/actualites\/138512\">Cliquez ici pour lire l&rsquo;article depuis sa source.<\/a><\/p>\n","protected":false},"excerpt":{"rendered":"<p>La commission des affaires juridiques, administratives et des libert\u00e9s de l\u2019Assembl\u00e9e populaire nationale (APN) a examin\u00e9, dimanche, la demande de lev\u00e9e de l\u2019immunit\u00e9 parlementaire du membre Boudjema\u00e2 Tala\u00ef, dont le nom figurait sur la liste d\u2019anciens responsables au gouvernement qui font l\u2019objet d\u2019enqu\u00eates par la Cour supr\u00eame, pour leur implication dans des faits \u00e0 caract\u00e8re [&hellip;]<\/p>\n","protected":false},"author":1744,"featured_media":0,"comment_status":"closed","ping_status":"closed","sticky":false,"template":"","format":"standard","meta":{"fifu_image_url":"","fifu_image_alt":"","footnotes":""},"categories":[73,53],"tags":[],"class_list":["post-42562","post","type-post","status-publish","format-standard","hentry","category-actualite","category-algerie"],"_links":{"self":[{"href":"https:\/\/linitiative.ca\/International\/wp-json\/wp\/v2\/posts\/42562","targetHints":{"allow":["GET"]}}],"collection":[{"href":"https:\/\/linitiative.ca\/International\/wp-json\/wp\/v2\/posts"}],"about":[{"href":"https:\/\/linitiative.ca\/International\/wp-json\/wp\/v2\/types\/post"}],"author":[{"embeddable":true,"href":"https:\/\/linitiative.ca\/International\/wp-json\/wp\/v2\/users\/1744"}],"replies":[{"embeddable":true,"href":"https:\/\/linitiative.ca\/International\/wp-json\/wp\/v2\/comments?post=42562"}],"version-history":[{"count":0,"href":"https:\/\/linitiative.ca\/International\/wp-json\/wp\/v2\/posts\/42562\/revisions"}],"wp:attachment":[{"href":"https:\/\/linitiative.ca\/International\/wp-json\/wp\/v2\/media?parent=42562"}],"wp:term":[{"taxonomy":"category","embeddable":true,"href":"https:\/\/linitiative.ca\/International\/wp-json\/wp\/v2\/categories?post=42562"},{"taxonomy":"post_tag","embeddable":true,"href":"https:\/\/linitiative.ca\/International\/wp-json\/wp\/v2\/tags?post=42562"}],"curies":[{"name":"wp","href":"https:\/\/api.w.org\/{rel}","templated":true}]}}