{"id":42563,"date":"2019-06-24T19:00:00","date_gmt":"2019-06-24T23:00:00","guid":{"rendered":"https:\/\/linitiative.ca\/International\/fln-ould-abbes-et-bouchareb-saisis-au-sujet-de-depassements\/"},"modified":"2019-06-24T19:00:00","modified_gmt":"2019-06-24T23:00:00","slug":"fln-ould-abbes-et-bouchareb-saisis-au-sujet-de-depassements","status":"publish","type":"post","link":"https:\/\/linitiative.ca\/International\/fln-ould-abbes-et-bouchareb-saisis-au-sujet-de-depassements\/","title":{"rendered":"FLN : Ould-Abb\u00e8s et Bouchareb saisis au sujet  de d\u00e9passements"},"content":{"rendered":"<p>La commission de discipline du parti du Front de lib\u00e9ration nationale (FLN) a d\u00e9cid\u00e9 de saisir par \u00e9crit l\u2019ex-secr\u00e9taire g\u00e9n\u00e9ral du parti, Djamel Ould-Abb\u00e8s, et l\u2019ex-coordonnateur de l\u2019instance dirigeante du parti, Mouad Bouchareb, au sujet de d\u00e9passements qu\u2019ils auraient commis, ayant engendr\u00e9 \u00abde graves dommages pour le parti\u00bb, a indiqu\u00e9, dimanche, un communiqu\u00e9 du FLN.<br \/>Selon la m\u00eame source, la d\u00e9cision de la commission est intervenue, \u00e0 l\u2019issue de sa r\u00e9union tenue, samedi, sous la pr\u00e9sidence de Sa\u00efd Bouifer, pr\u00e9sident de la commission, en pr\u00e9sence de son vice-pr\u00e9sident, Abdelhamid Si Afif, pr\u00e9cisant qu\u2019il a \u00e9t\u00e9 d\u00e9cid\u00e9 de saisir par \u00e9crit MM. Ould- Abb\u00e8s et Bouchareb pour les dommages caus\u00e9s au FLN, des dommages ayant eu des r\u00e9percussions n\u00e9gatives sur l\u2019unit\u00e9 et la coh\u00e9sion du parti, en sus de d\u00e9passements et du non-respect des r\u00e8gles d\u2019\u00e9thique de l\u2019action politique et partisane.<br \/>Ces comportements ont eu un effet n\u00e9gatif sur l\u2019autorit\u00e9, la notori\u00e9t\u00e9 et l\u2019unit\u00e9 du parti, a-t-il pr\u00e9cis\u00e9. Les membres de la commission ont appel\u00e9 les militants et les \u00e9lus des Assembl\u00e9e locales du parti \u00ab\u00e0 la n\u00e9cessit\u00e9 de se conformer aux statuts et r\u00e8glement int\u00e9rieur du parti, et de respecter les r\u00e8gles de discipline et les orientations donn\u00e9es par le secr\u00e9taire g\u00e9n\u00e9ral du parti, lors de l\u2019installation de la commission de discipline, le 29 mai dernier\u00bb.<\/p>\n<p>Auteur: elmoudjahid<br \/>\n<a href=\"http:\/\/www.elmoudjahid.com\/fr\/actualites\/138513\">Cliquez ici pour lire l&rsquo;article depuis sa source.<\/a><\/p>\n","protected":false},"excerpt":{"rendered":"<p>La commission de discipline du parti du Front de lib\u00e9ration nationale (FLN) a d\u00e9cid\u00e9 de saisir par \u00e9crit l\u2019ex-secr\u00e9taire g\u00e9n\u00e9ral du parti, Djamel Ould-Abb\u00e8s, et l\u2019ex-coordonnateur de l\u2019instance dirigeante du parti, Mouad Bouchareb, au sujet de d\u00e9passements qu\u2019ils auraient commis, ayant engendr\u00e9 \u00abde graves dommages pour le parti\u00bb, a indiqu\u00e9, dimanche, un communiqu\u00e9 du FLN.Selon [&hellip;]<\/p>\n","protected":false},"author":1744,"featured_media":0,"comment_status":"closed","ping_status":"closed","sticky":false,"template":"","format":"standard","meta":{"fifu_image_url":"","fifu_image_alt":"","footnotes":""},"categories":[73,53],"tags":[],"class_list":["post-42563","post","type-post","status-publish","format-standard","hentry","category-actualite","category-algerie"],"_links":{"self":[{"href":"https:\/\/linitiative.ca\/International\/wp-json\/wp\/v2\/posts\/42563","targetHints":{"allow":["GET"]}}],"collection":[{"href":"https:\/\/linitiative.ca\/International\/wp-json\/wp\/v2\/posts"}],"about":[{"href":"https:\/\/linitiative.ca\/International\/wp-json\/wp\/v2\/types\/post"}],"author":[{"embeddable":true,"href":"https:\/\/linitiative.ca\/International\/wp-json\/wp\/v2\/users\/1744"}],"replies":[{"embeddable":true,"href":"https:\/\/linitiative.ca\/International\/wp-json\/wp\/v2\/comments?post=42563"}],"version-history":[{"count":0,"href":"https:\/\/linitiative.ca\/International\/wp-json\/wp\/v2\/posts\/42563\/revisions"}],"wp:attachment":[{"href":"https:\/\/linitiative.ca\/International\/wp-json\/wp\/v2\/media?parent=42563"}],"wp:term":[{"taxonomy":"category","embeddable":true,"href":"https:\/\/linitiative.ca\/International\/wp-json\/wp\/v2\/categories?post=42563"},{"taxonomy":"post_tag","embeddable":true,"href":"https:\/\/linitiative.ca\/International\/wp-json\/wp\/v2\/tags?post=42563"}],"curies":[{"name":"wp","href":"https:\/\/api.w.org\/{rel}","templated":true}]}}