{"id":42564,"date":"2019-06-24T19:00:00","date_gmt":"2019-06-24T23:00:00","guid":{"rendered":"https:\/\/linitiative.ca\/International\/195-millions-dalgeriens-ont-regarde-la-tv-et-165-millions-se-sont-connectes-a-internet-forte-connectivite-durant-ramadhan\/"},"modified":"2019-06-24T19:00:00","modified_gmt":"2019-06-24T23:00:00","slug":"195-millions-dalgeriens-ont-regarde-la-tv-et-165-millions-se-sont-connectes-a-internet-forte-connectivite-durant-ramadhan","status":"publish","type":"post","link":"https:\/\/linitiative.ca\/International\/195-millions-dalgeriens-ont-regarde-la-tv-et-165-millions-se-sont-connectes-a-internet-forte-connectivite-durant-ramadhan\/","title":{"rendered":"19,5 millions d\u2019Alg\u00e9riens ont regard\u00e9 la TV  et 16,5 millions se sont connect\u00e9s \u00e0 Internet  :  Forte connectivite  durant Ramadhan"},"content":{"rendered":"<p>Quelque 19,5 millions d\u2019Alg\u00e9riens ont regard\u00e9 la t\u00e9l\u00e9vision et plus de 16,5 millions se sont connect\u00e9s \u00e0 internet, quotidiennement, durant le mois de Ramadhan, selon une \u00e9tude d\u2019IMMAR Media, un cabinet sp\u00e9cialis\u00e9 dans la mesure d\u2019audience des m\u00e9dias. Un total de \u00ab19,5 millions d\u2019Alg\u00e9riens \u00e2g\u00e9s de 15 ans et plus ont regard\u00e9 la t\u00e9l\u00e9vision au moins une fois par jour durant ce mois sacr\u00e9\u00bb, pr\u00e9cise l\u2019\u00e9tude r\u00e9alis\u00e9e durant la premi\u00e8re quinzaine du mois de Ramadhan, sur un \u00e9chantillon de 4.459 individus repr\u00e9sentant une population de pr\u00e8s de 28,5 millions d\u2019hommes et de femmes \u00e2g\u00e9s de 15 ans\u00a0 et plus, r\u00e9sidant dans les milieux urbains et ruraux r\u00e9partis sur tout le territoire national. L\u2019\u00e9tude rel\u00e8ve, en outre, que \u00ab16,5 millions d\u2019Alg\u00e9riens se sont connect\u00e9s, au moins une fois par jour, \u00e0 internet, dont 15,5 millions aux r\u00e9seaux sociaux\u00bb, ajoutant que \u00ab2,5 millions d\u2019Alg\u00e9riens sont des auditeurs quotidiens de la radio et 1,4 million des lecteurs de presse\u00bb. Concernant le taux de p\u00e9n\u00e9tration journali\u00e8re moyenne des diff\u00e9rents m\u00e9dias par sexe, 74% des femmes regardent la t\u00e9l\u00e9vision (63% des hommes), 55% se connectent \u00e0 internet (61% des hommes), 52% fr\u00e9quentent les r\u00e9seaux sociaux (57% des hommes), 6% \u00e9coutent la radio (11% des hommes) et 2% lisent la presse (8% des hommes), note l\u2019\u00e9tude. IMMAR rel\u00e8ve, par ailleurs, une fr\u00e9quentation des m\u00e9dias \u00abassez particuli\u00e8re\u00bb chez certaines cat\u00e9gories d\u2019\u00e2ge, notamment les jeunes \u00e2g\u00e9s de moins de 24 ans \u00abqui sont largement plus nombreux \u00e0 recourir aux m\u00e9dias digitaux qu\u2019aux m\u00e9dias classiques\u00bb, estimant que cette cible enregistre la fr\u00e9quentation quotidienne d\u2019Internet \u00abla plus \u00e9lev\u00e9e atteignant 79%\u00bb et qui est \u00abboost\u00e9e\u00bb principalement par les r\u00e9seaux sociaux qui connaissent une \u00abaudience quotidienne de 77%\u00bb. Quant aux autres m\u00e9dias (TV, radio et presse), cette cible enregistre le taux de fr\u00e9quentation \u00able moins important\u00bb compar\u00e9e aux autres tranches d\u2019\u00e2ge. Selon l\u2019\u00e9tude, l\u2019audience des m\u00e9dias est \u00abfortement\u00bb corr\u00e9l\u00e9e avec l\u2019\u00e2ge, \u00abplus on avance dans l\u2019\u00e2ge et plus la fr\u00e9quentation de la TV augmente alors que celle d\u2019internet baisse\u00bb, alors que la presse enregistre son taux de p\u00e9n\u00e9tration \u00able plus \u00e9lev\u00e9 chez les 55 ans et plus et la radio chez la cible 35-44 ans\u00bb. L\u2019\u00e9tude d\u2019IMMAR est une enqu\u00eate t\u00e9l\u00e9phonique, r\u00e9alis\u00e9e sur un \u00e9chantillon cumul\u00e9 de 4.459 individus, repr\u00e9sentant une population de plus de 28.447.987 d\u2019hommes et de femmes \u00e2g\u00e9s de 15 ans et plus, interview\u00e9s sur leurs consommations m\u00e9diatiques de la veille.<br \/>\u00a0<\/p>\n<p>Auteur: elmoudjahid<br \/>\n<a href=\"http:\/\/www.elmoudjahid.com\/fr\/actualites\/138514\">Cliquez ici pour lire l&rsquo;article depuis sa source.<\/a><\/p>\n","protected":false},"excerpt":{"rendered":"<p>Quelque 19,5 millions d\u2019Alg\u00e9riens ont regard\u00e9 la t\u00e9l\u00e9vision et plus de 16,5 millions se sont connect\u00e9s \u00e0 internet, quotidiennement, durant le mois de Ramadhan, selon une \u00e9tude d\u2019IMMAR Media, un cabinet sp\u00e9cialis\u00e9 dans la mesure d\u2019audience des m\u00e9dias. Un total de \u00ab19,5 millions d\u2019Alg\u00e9riens \u00e2g\u00e9s de 15 ans et plus ont regard\u00e9 la t\u00e9l\u00e9vision au [&hellip;]<\/p>\n","protected":false},"author":1744,"featured_media":0,"comment_status":"closed","ping_status":"closed","sticky":false,"template":"","format":"standard","meta":{"fifu_image_url":"","fifu_image_alt":"","footnotes":""},"categories":[73,53],"tags":[],"class_list":["post-42564","post","type-post","status-publish","format-standard","hentry","category-actualite","category-algerie"],"_links":{"self":[{"href":"https:\/\/linitiative.ca\/International\/wp-json\/wp\/v2\/posts\/42564","targetHints":{"allow":["GET"]}}],"collection":[{"href":"https:\/\/linitiative.ca\/International\/wp-json\/wp\/v2\/posts"}],"about":[{"href":"https:\/\/linitiative.ca\/International\/wp-json\/wp\/v2\/types\/post"}],"author":[{"embeddable":true,"href":"https:\/\/linitiative.ca\/International\/wp-json\/wp\/v2\/users\/1744"}],"replies":[{"embeddable":true,"href":"https:\/\/linitiative.ca\/International\/wp-json\/wp\/v2\/comments?post=42564"}],"version-history":[{"count":0,"href":"https:\/\/linitiative.ca\/International\/wp-json\/wp\/v2\/posts\/42564\/revisions"}],"wp:attachment":[{"href":"https:\/\/linitiative.ca\/International\/wp-json\/wp\/v2\/media?parent=42564"}],"wp:term":[{"taxonomy":"category","embeddable":true,"href":"https:\/\/linitiative.ca\/International\/wp-json\/wp\/v2\/categories?post=42564"},{"taxonomy":"post_tag","embeddable":true,"href":"https:\/\/linitiative.ca\/International\/wp-json\/wp\/v2\/tags?post=42564"}],"curies":[{"name":"wp","href":"https:\/\/api.w.org\/{rel}","templated":true}]}}