{"id":42565,"date":"2019-06-24T19:00:00","date_gmt":"2019-06-24T23:00:00","guid":{"rendered":"https:\/\/linitiative.ca\/International\/lambassadeur-du-japon-a-medea-don-de-48-000-euros-a-lassociation-chiffa\/"},"modified":"2019-06-24T19:00:00","modified_gmt":"2019-06-24T23:00:00","slug":"lambassadeur-du-japon-a-medea-don-de-48-000-euros-a-lassociation-chiffa","status":"publish","type":"post","link":"https:\/\/linitiative.ca\/International\/lambassadeur-du-japon-a-medea-don-de-48-000-euros-a-lassociation-chiffa\/","title":{"rendered":"L\u2019ambassadeur du Japon \u00e0 M\u00e9d\u00e9a :  Don de 48.000 euros \u00e0 l\u2019association Chiffa"},"content":{"rendered":"<p>\u00a0L\u2019ambassadeur du Japon, Kazuya Ogawa, a soulign\u00e9 hier \u00e0 M\u00e9d\u00e9a, l\u2019\u00abexcellence des relations\u00bb qui lient l\u2019Alg\u00e9rie au Japon et la volont\u00e9 de son pays \u00e0 consolider ces relations et les \u00e9largir \u00e0 diff\u00e9rents domaines. \u00abL\u2019Alg\u00e9rie est un partenaire important et incontournable pour le Japon qui entend \u0153uvrer \u00e0 faire \u00e9voluer davantage les relations excellences et \u00e9troites qui lient les deux pays, de fa\u00e7on \u00e0 ce que ces relations puissent se renforcer et se consolider \u00e0 travers un \u00e9largissement des domaines de partenariat ou d\u2019\u00e9changes \u00e9conomiques entre les deux pays\u00bb, a indiqu\u00e9 le diplomate, en marge de sa visite au centre de r\u00e9\u00e9ducation fonctionnelle de l\u2019association \u00abChiffa\u00bb \u00e0 M\u00e9d\u00e9a. Saluant les efforts d\u00e9ploy\u00e9s par l\u2019association pour la prise en charge des malades, le diplomate a r\u00e9it\u00e9r\u00e9 la disposition de son pays \u00e0 \u00absoutenir ce type d\u2019action\u00bb, assurant que le don financier octroy\u00e9 \u00e0 cette association, m\u00eame s\u2019il reste symbolique, \u00abtraduit, n\u00e9anmoins, la volont\u00e9 du Japon \u00e0 accompagner et \u00e0 soutenir des microprojets \u00e0 caract\u00e8re humanitaire\u00bb.<br \/>\u00a0\u00a0\u00a0\u00a0 Le don de pr\u00e8s de 48.000 euros, fait par le Japon \u00e0 l\u2019association \u00abChiffa\u00bb, en mars dernier, a permis l\u2019acquisition d\u2019\u00e9quipements m\u00e9dicaux dans le cadre de son projet relatif \u00e0 la r\u00e9\u00e9ducation m\u00e9dicale. L\u2019association assure, selon son pr\u00e9sident, Khelil Moussaoui, la prise en charge annuelle de 1.400 patients, souffrant de diff\u00e9rents probl\u00e8mes fonctionnels, alors que le nombre global de patients ayant b\u00e9n\u00e9fici\u00e9 d\u2019une prise en charge au niveau du centre, depuis son ouverture en 2003, a atteint les 13.000 patients.<\/p>\n<p>Auteur: elmoudjahid<br \/>\n<a href=\"http:\/\/www.elmoudjahid.com\/fr\/actualites\/138515\">Cliquez ici pour lire l&rsquo;article depuis sa source.<\/a><\/p>\n","protected":false},"excerpt":{"rendered":"<p>\u00a0L\u2019ambassadeur du Japon, Kazuya Ogawa, a soulign\u00e9 hier \u00e0 M\u00e9d\u00e9a, l\u2019\u00abexcellence des relations\u00bb qui lient l\u2019Alg\u00e9rie au Japon et la volont\u00e9 de son pays \u00e0 consolider ces relations et les \u00e9largir \u00e0 diff\u00e9rents domaines. \u00abL\u2019Alg\u00e9rie est un partenaire important et incontournable pour le Japon qui entend \u0153uvrer \u00e0 faire \u00e9voluer davantage les relations excellences et [&hellip;]<\/p>\n","protected":false},"author":1744,"featured_media":0,"comment_status":"closed","ping_status":"closed","sticky":false,"template":"","format":"standard","meta":{"fifu_image_url":"","fifu_image_alt":"","footnotes":""},"categories":[73,53],"tags":[],"class_list":["post-42565","post","type-post","status-publish","format-standard","hentry","category-actualite","category-algerie"],"_links":{"self":[{"href":"https:\/\/linitiative.ca\/International\/wp-json\/wp\/v2\/posts\/42565","targetHints":{"allow":["GET"]}}],"collection":[{"href":"https:\/\/linitiative.ca\/International\/wp-json\/wp\/v2\/posts"}],"about":[{"href":"https:\/\/linitiative.ca\/International\/wp-json\/wp\/v2\/types\/post"}],"author":[{"embeddable":true,"href":"https:\/\/linitiative.ca\/International\/wp-json\/wp\/v2\/users\/1744"}],"replies":[{"embeddable":true,"href":"https:\/\/linitiative.ca\/International\/wp-json\/wp\/v2\/comments?post=42565"}],"version-history":[{"count":0,"href":"https:\/\/linitiative.ca\/International\/wp-json\/wp\/v2\/posts\/42565\/revisions"}],"wp:attachment":[{"href":"https:\/\/linitiative.ca\/International\/wp-json\/wp\/v2\/media?parent=42565"}],"wp:term":[{"taxonomy":"category","embeddable":true,"href":"https:\/\/linitiative.ca\/International\/wp-json\/wp\/v2\/categories?post=42565"},{"taxonomy":"post_tag","embeddable":true,"href":"https:\/\/linitiative.ca\/International\/wp-json\/wp\/v2\/tags?post=42565"}],"curies":[{"name":"wp","href":"https:\/\/api.w.org\/{rel}","templated":true}]}}