{"id":42568,"date":"2019-06-24T19:00:00","date_gmt":"2019-06-24T23:00:00","guid":{"rendered":"https:\/\/linitiative.ca\/International\/promotion-dofficiers-de-lanp-le-chef-de-letat-signe-plusieurs-decrets\/"},"modified":"2019-06-24T19:00:00","modified_gmt":"2019-06-24T23:00:00","slug":"promotion-dofficiers-de-lanp-le-chef-de-letat-signe-plusieurs-decrets","status":"publish","type":"post","link":"https:\/\/linitiative.ca\/International\/promotion-dofficiers-de-lanp-le-chef-de-letat-signe-plusieurs-decrets\/","title":{"rendered":"Promotion d&rsquo;officiers de l\u2019ANP : Le Chef de l&rsquo;Etat  signe plusieurs  d\u00e9crets"},"content":{"rendered":"<p>Le Chef de l&rsquo;Etat, Abdelkader Bensalah a proc\u00e9d\u00e9, hier , \u00e0 la signature de d\u00e9crets pr\u00e9sidentiels portant promotion d&rsquo;officiers de l&rsquo;Arm\u00e9e nationale populaire et de d\u00e9crets pr\u00e9sidentiels portant d\u00e9cernement de m\u00e9dailles aux personnels militaires et civils assimil\u00e9s \u00e0 compter du 5 juillet 2019 et du 1er novembre 2019. \u00abConform\u00e9ment aux dispositions de la Constitution, notamment en ses articles 91, 102 et 104, le Chef de l&rsquo;Etat, M. Abdelkader Bensalah a proc\u00e9d\u00e9, lundi 24 juin 2019, \u00e0 la signature de d\u00e9crets pr\u00e9sidentiels portant promotion d&rsquo;officiers de l&rsquo;ANP ainsi que des d\u00e9crets pr\u00e9sidentiels portant d\u00e9cernement de m\u00e9dailles aux personnels militaires et civils assimil\u00e9s \u00e0 compter du 5 juillet 2019 et du 1er novembre 2019\u00bb.<\/p>\n<p>Auteur: elmoudjahid<br \/>\n<a href=\"http:\/\/www.elmoudjahid.com\/fr\/actualites\/138518\">Cliquez ici pour lire l&rsquo;article depuis sa source.<\/a><\/p>\n","protected":false},"excerpt":{"rendered":"<p>Le Chef de l&rsquo;Etat, Abdelkader Bensalah a proc\u00e9d\u00e9, hier , \u00e0 la signature de d\u00e9crets pr\u00e9sidentiels portant promotion d&rsquo;officiers de l&rsquo;Arm\u00e9e nationale populaire et de d\u00e9crets pr\u00e9sidentiels portant d\u00e9cernement de m\u00e9dailles aux personnels militaires et civils assimil\u00e9s \u00e0 compter du 5 juillet 2019 et du 1er novembre 2019. \u00abConform\u00e9ment aux dispositions de la Constitution, notamment [&hellip;]<\/p>\n","protected":false},"author":1744,"featured_media":0,"comment_status":"closed","ping_status":"closed","sticky":false,"template":"","format":"standard","meta":{"fifu_image_url":"","fifu_image_alt":"","footnotes":""},"categories":[73,53],"tags":[],"class_list":["post-42568","post","type-post","status-publish","format-standard","hentry","category-actualite","category-algerie"],"_links":{"self":[{"href":"https:\/\/linitiative.ca\/International\/wp-json\/wp\/v2\/posts\/42568","targetHints":{"allow":["GET"]}}],"collection":[{"href":"https:\/\/linitiative.ca\/International\/wp-json\/wp\/v2\/posts"}],"about":[{"href":"https:\/\/linitiative.ca\/International\/wp-json\/wp\/v2\/types\/post"}],"author":[{"embeddable":true,"href":"https:\/\/linitiative.ca\/International\/wp-json\/wp\/v2\/users\/1744"}],"replies":[{"embeddable":true,"href":"https:\/\/linitiative.ca\/International\/wp-json\/wp\/v2\/comments?post=42568"}],"version-history":[{"count":0,"href":"https:\/\/linitiative.ca\/International\/wp-json\/wp\/v2\/posts\/42568\/revisions"}],"wp:attachment":[{"href":"https:\/\/linitiative.ca\/International\/wp-json\/wp\/v2\/media?parent=42568"}],"wp:term":[{"taxonomy":"category","embeddable":true,"href":"https:\/\/linitiative.ca\/International\/wp-json\/wp\/v2\/categories?post=42568"},{"taxonomy":"post_tag","embeddable":true,"href":"https:\/\/linitiative.ca\/International\/wp-json\/wp\/v2\/tags?post=42568"}],"curies":[{"name":"wp","href":"https:\/\/api.w.org\/{rel}","templated":true}]}}