{"id":42574,"date":"2019-06-25T13:42:19","date_gmt":"2019-06-25T17:42:19","guid":{"rendered":"https:\/\/linitiative.ca\/International\/91109-can-2019-campagne-de-sensibilisation-chez-les-supporters-algeriens-apres-l-expulsion-de-trois-fans\/"},"modified":"2019-06-25T13:42:19","modified_gmt":"2019-06-25T17:42:19","slug":"91109-can-2019-campagne-de-sensibilisation-chez-les-supporters-algeriens-apres-l-expulsion-de-trois-fans","status":"publish","type":"post","link":"https:\/\/linitiative.ca\/International\/91109-can-2019-campagne-de-sensibilisation-chez-les-supporters-algeriens-apres-l-expulsion-de-trois-fans\/","title":{"rendered":"CAN-2019: campagne de sensibilisation chez les supporters alg\u00e9riens apr\u00e8s l&rsquo;expulsion de trois fans"},"content":{"rendered":"<div>\n<div class=\"K2FeedImage\"><img decoding=\"async\" src=\"http:\/\/www.aps.dz\/media\/k2\/items\/cache\/85d4b6ab36840557a218ecb50ffd4110_S.jpg\" alt=\"CAN-2019: campagne de sensibilisation chez les supporters alg\u00e9riens apr\u00e8s l'expulsion de trois fans\"><\/div>\n<div class=\"K2FeedIntroText\">\n<p><strong>LE CAIRE &#8211; Une campagne de sensibilisation a \u00e9t\u00e9 lanc\u00e9e dans les milieux des supporters de l&rsquo;\u00e9quipe nationale pour \u00e9viter des incidents semblables \u00e0 ceux qui ont conduit \u00e0 l&rsquo;expulsion de trois d&rsquo;entre eux d&rsquo;Egypte o\u00f9 se d\u00e9roule la CAN-2019 de football, a-t-on appris mardi de la d\u00e9l\u00e9gation alg\u00e9rienne.<\/strong><\/p>\n<\/div>\n<div class=\"K2FeedFullText\">\n<p>Les Alg\u00e9riens, pr\u00e9sents en nombre au Caire, se sont pass\u00e9 le mot: \u00e0 partir du match de jeudi contre le S\u00e9n\u00e9gal, qui devrait se d\u00e9rouler \u00e0 guichets ferm\u00e9s, ils feront tout pour ne pas reproduire des images qui ont co\u00fbt\u00e9 cher \u00e0 trois \u00ab\u00a0irr\u00e9ductibles\u00a0\u00bb \u00e0 l&rsquo;occasion de la premi\u00e8re rencontre, dimanche face au Kenya, selon certains d&rsquo;entre eux, d\u2019autant que la police \u00e9gyptienne, d\u2019un c\u00f4t\u00e9, et la Conf\u00e9d\u00e9ration africaine de football (CAF), de l&rsquo;autre, se sont montr\u00e9es intransigeants et fermes en mati\u00e8re de discipline.<\/p>\n<blockquote>\n<p><em><strong>Ces supporters veulent qu&rsquo;on garde d&rsquo;eux l'\u00a0\u00bbimage de ceux qui ont nettoy\u00e9 les gradins des d\u00e9tritus\u00a0\u00bb au terme de la victoire contre le Kenya (2-0) au stade 30-Juin du Caire, a dit un groupe de fans \u00e0 l&rsquo;APS.<\/strong><\/em><\/p>\n<p><em><strong>Avant le coup d\u2019envoi du match face aux \u00ab\u00a0Harambee stars\u00a0\u00bb, la police \u00e9gyptienne avait proc\u00e9d\u00e9 \u00e0 l\u2019arrestation d\u2019un supporter qui brandissait une pancarte \u00e0 caract\u00e8re politique.<\/strong><\/em><\/p>\n<\/blockquote>\n<p>Puis deux supporters des \u00ab\u00a0Verts\u00a0\u00bb ont \u00e9t\u00e9 interpell\u00e9s en plein match pour utilisation de fumig\u00e8nes. Il a fallu l\u2019intervention de l\u2019ambassade d\u2019Alg\u00e9rie en Egypte pour faire \u00e9viter \u00e0 ce trio des poursuites judiciaires. Ils ont \u00e9t\u00e9 expuls\u00e9s mardi vers Alger \u00e0 bord d\u2019un vol de la compagnie Egypt Air.<\/p>\n<p>Cons\u00e9quences \u00e0 ces comportements, la CAF a d\u00e9cid\u00e9 d\u2019infliger une amende financi\u00e8re \u00e0 la F\u00e9d\u00e9ration alg\u00e9rienne de football (FAF) avec en sus un avertissement.<\/p>\n<p>D\u2019autres incidents similaires pourraient priver les supporters alg\u00e9riens pr\u00e9sents au Caire d\u2019assister aux prochains rendez-vous de l\u2019\u00e9quipe nationale lors de cette CAN-2019, selon la m\u00eame source.<\/p>\n<\/div>\n<p><img loading=\"lazy\" decoding=\"async\" src=\"http:\/\/feeds.feedburner.com\/~r\/aps-sport\/~4\/qDB8QIWmNCw\" height=\"1\" width=\"1\" alt=\"\"><\/div>\n<p>Auteur:<br \/>\n<a href=\"http:\/\/www.aps.dz\/sport\/91109-can-2019-campagne-de-sensibilisation-chez-les-supporters-algeriens-apres-l-expulsion-de-trois-fans?utm_source=feedburner&#038;utm_medium=feed&#038;utm_campaign=Feed%3A+aps-sport+%28APS+-+SPORT%29\">Cliquez ici pour lire l&rsquo;article depuis sa source.<\/a><\/p>\n","protected":false},"excerpt":{"rendered":"<p>LE CAIRE &#8211; Une campagne de sensibilisation a \u00e9t\u00e9 lanc\u00e9e dans les milieux des supporters de l&rsquo;\u00e9quipe nationale pour \u00e9viter des incidents semblables \u00e0 ceux qui ont conduit \u00e0 l&rsquo;expulsion de trois d&rsquo;entre eux d&rsquo;Egypte o\u00f9 se d\u00e9roule la CAN-2019 de football, a-t-on appris mardi de la d\u00e9l\u00e9gation alg\u00e9rienne. Les Alg\u00e9riens, pr\u00e9sents en nombre au [&hellip;]<\/p>\n","protected":false},"author":1790,"featured_media":42575,"comment_status":"closed","ping_status":"closed","sticky":false,"template":"","format":"standard","meta":{"fifu_image_url":"","fifu_image_alt":"","footnotes":""},"categories":[53,75],"tags":[],"class_list":["post-42574","post","type-post","status-publish","format-standard","has-post-thumbnail","hentry","category-algerie","category-sport"],"_links":{"self":[{"href":"https:\/\/linitiative.ca\/International\/wp-json\/wp\/v2\/posts\/42574","targetHints":{"allow":["GET"]}}],"collection":[{"href":"https:\/\/linitiative.ca\/International\/wp-json\/wp\/v2\/posts"}],"about":[{"href":"https:\/\/linitiative.ca\/International\/wp-json\/wp\/v2\/types\/post"}],"author":[{"embeddable":true,"href":"https:\/\/linitiative.ca\/International\/wp-json\/wp\/v2\/users\/1790"}],"replies":[{"embeddable":true,"href":"https:\/\/linitiative.ca\/International\/wp-json\/wp\/v2\/comments?post=42574"}],"version-history":[{"count":0,"href":"https:\/\/linitiative.ca\/International\/wp-json\/wp\/v2\/posts\/42574\/revisions"}],"wp:featuredmedia":[{"embeddable":true,"href":"https:\/\/linitiative.ca\/International\/wp-json\/"}],"wp:attachment":[{"href":"https:\/\/linitiative.ca\/International\/wp-json\/wp\/v2\/media?parent=42574"}],"wp:term":[{"taxonomy":"category","embeddable":true,"href":"https:\/\/linitiative.ca\/International\/wp-json\/wp\/v2\/categories?post=42574"},{"taxonomy":"post_tag","embeddable":true,"href":"https:\/\/linitiative.ca\/International\/wp-json\/wp\/v2\/tags?post=42574"}],"curies":[{"name":"wp","href":"https:\/\/api.w.org\/{rel}","templated":true}]}}