{"id":42583,"date":"2019-06-25T13:10:00","date_gmt":"2019-06-25T17:10:00","guid":{"rendered":"https:\/\/linitiative.ca\/International\/sonelgaz-oran-les-agents-de-la-societe-de-prevention-protestent\/"},"modified":"2019-06-25T13:10:00","modified_gmt":"2019-06-25T17:10:00","slug":"sonelgaz-oran-les-agents-de-la-societe-de-prevention-protestent","status":"publish","type":"post","link":"https:\/\/linitiative.ca\/International\/sonelgaz-oran-les-agents-de-la-societe-de-prevention-protestent\/","title":{"rendered":"SONELGAZ ORAN : Les agents de la soci\u00e9t\u00e9 de pr\u00e9vention protestent"},"content":{"rendered":"<p><br id=\"sep_para_1\" class=\"sep_para access\"\/><\/p>\n<div id=\"para_1\" class=\"para_31875847 resize\">\n<div class=\"texte access firstletter\">Ce dernier semblerait n\u2019\u00eatre pas \u00e9t\u00e9 fait \u00e9quitablement entre les diff\u00e9rentes filiales du groupe Sonelgaz selon la d\u00e9claration des\u00a0 agents de la filiale pr\u00e9vention, action et s\u00e9curit\u00e9 de la Sonelgaz. Les agents ont observ\u00e9 un sit-in en guise de protestation, devant le si\u00e8ge de la direction.\u00a0 \u00ab Nous sommes la filiale la plus l\u00e9s\u00e9e du groupe, malgr\u00e9 tous les efforts que nous fournissons. Notre mouvement de protestation est venu, suite \u00e0 la distribution in\u00e9quitable des b\u00e9n\u00e9fices, par rapport aux autres filiales,\u00bb tient \u00e0 souligner un syndicaliste. Un autre agent parmi les protestataires pr\u00e9sents, nous dira pour sa part : \u00abon a commenc\u00e9 par nous r\u00e9duire le taux de la part de b\u00e9n\u00e9fice qui revient aux employ\u00e9s de notre filiale, puis la Direction nous explique que la part qui nous revient va \u00eatre vers\u00e9e en deux fois, ce que nous refusons et nous attendons la r\u00e9ponse de notre Direction \u00bb.\u00a0 Pour rappel, le groupe Sonelgaz a annonc\u00e9 un chiffre d\u2019affaires assez cons\u00e9quent pour l\u2019exercice de l\u2019ann\u00e9e 2018, qui est de l\u2019ordre de 390 milliards de dinars, tel qu\u2019annonc\u00e9 par son Pr\u00e9sident Directeur G\u00e9n\u00e9ral M. Mohamed Arkab. \u00abSonelgaz a r\u00e9ussi \u00e0 r\u00e9aliser un chiffre d\u2019affaires important, s\u2019\u00e9levant \u00e0 390 milliards de dinars, \u00e0 travers, notamment, le recouvrement d\u2019une grande partie de ses cr\u00e9ances aupr\u00e8s des clients.\u00bb Les cr\u00e9ances de Sonelgaz (factures impay\u00e9es par les clients) ont recul\u00e9 de 86 milliards de dinars en 2017 \u00e0 50 milliards de dinars en 2018, a-t-il pr\u00e9cis\u00e9. Ces r\u00e9sultats \u2018\u2019importants\u2019\u2019 sont \u2018\u2019le fruit du plan d\u2019action adopt\u00e9 par le groupe en 2018 en sus de l\u2019aide de l\u2019Etat,\u2019\u2019 a ajout\u00e9 M.Arkab. Il a fait savoir, dans ce sens, que le groupe avait b\u00e9n\u00e9fici\u00e9 r\u00e9cemment d\u2019un cr\u00e9dit de 380 mds de dinars pour la poursuite de son programme d\u2019investissement.<\/div>\n<\/div>\n<p>Auteur: Habib Medjadji<br \/>\n<a href=\"https:\/\/www.reflexiondz.net\/SONELGAZ-ORAN-Les-agents-de-la-societe-de-prevention-protestent_a56291.html\">Cliquez ici pour lire l&rsquo;article depuis sa source.<\/a><\/p>\n","protected":false},"excerpt":{"rendered":"<p>Ce dernier semblerait n\u2019\u00eatre pas \u00e9t\u00e9 fait \u00e9quitablement entre les diff\u00e9rentes filiales du groupe Sonelgaz selon la d\u00e9claration des\u00a0 agents de la filiale pr\u00e9vention, action et s\u00e9curit\u00e9 de la Sonelgaz. Les agents ont observ\u00e9 un sit-in en guise de protestation, devant le si\u00e8ge de la direction.\u00a0 \u00ab Nous sommes la filiale la plus l\u00e9s\u00e9e du [&hellip;]<\/p>\n","protected":false},"author":1740,"featured_media":0,"comment_status":"closed","ping_status":"closed","sticky":false,"template":"","format":"standard","meta":{"fifu_image_url":"","fifu_image_alt":"","footnotes":""},"categories":[53,76],"tags":[],"class_list":["post-42583","post","type-post","status-publish","format-standard","hentry","category-algerie","category-regions"],"_links":{"self":[{"href":"https:\/\/linitiative.ca\/International\/wp-json\/wp\/v2\/posts\/42583","targetHints":{"allow":["GET"]}}],"collection":[{"href":"https:\/\/linitiative.ca\/International\/wp-json\/wp\/v2\/posts"}],"about":[{"href":"https:\/\/linitiative.ca\/International\/wp-json\/wp\/v2\/types\/post"}],"author":[{"embeddable":true,"href":"https:\/\/linitiative.ca\/International\/wp-json\/wp\/v2\/users\/1740"}],"replies":[{"embeddable":true,"href":"https:\/\/linitiative.ca\/International\/wp-json\/wp\/v2\/comments?post=42583"}],"version-history":[{"count":0,"href":"https:\/\/linitiative.ca\/International\/wp-json\/wp\/v2\/posts\/42583\/revisions"}],"wp:attachment":[{"href":"https:\/\/linitiative.ca\/International\/wp-json\/wp\/v2\/media?parent=42583"}],"wp:term":[{"taxonomy":"category","embeddable":true,"href":"https:\/\/linitiative.ca\/International\/wp-json\/wp\/v2\/categories?post=42583"},{"taxonomy":"post_tag","embeddable":true,"href":"https:\/\/linitiative.ca\/International\/wp-json\/wp\/v2\/tags?post=42583"}],"curies":[{"name":"wp","href":"https:\/\/api.w.org\/{rel}","templated":true}]}}