{"id":42584,"date":"2019-06-25T13:10:00","date_gmt":"2019-06-25T17:10:00","guid":{"rendered":"https:\/\/linitiative.ca\/International\/tabelbala-bechar-les-habitants-demandent-le-depart-du-chef-de-daira\/"},"modified":"2019-06-25T13:10:00","modified_gmt":"2019-06-25T17:10:00","slug":"tabelbala-bechar-les-habitants-demandent-le-depart-du-chef-de-daira","status":"publish","type":"post","link":"https:\/\/linitiative.ca\/International\/tabelbala-bechar-les-habitants-demandent-le-depart-du-chef-de-daira\/","title":{"rendered":"TABELBALA (BECHAR)   : Les habitants demandent le d\u00e9part du chef de da\u00efra"},"content":{"rendered":"<p><br id=\"sep_para_1\" class=\"sep_para access\"\/><\/p>\n<div id=\"para_1\" class=\"para_31875846 resize\">\n<div class=\"texte access firstletter\">Des dizaines de citoyens de la localit\u00e9 de Tabelbala, 420 km au sud-ouest de B\u00e9char et d\u00e9pendant administrativement de la wilaya d\u00e9l\u00e9gu\u00e9e de B\u00e9ni Abb\u00e9s, ont manifest\u00e9 lundi dernier devant le si\u00e8ge de la da\u00efra en scandant les slogans du \u2018\u2019hirak\u2019\u2019 et demandant le d\u00e9part du chef de da\u00efra. La goutte qui a fait d\u00e9border le vase est la chute d&rsquo;un pilonne \u00e9lectrique atteint de corrosion \u00e0 la base. Chute qui a failli co\u00fbter la vie \u00e0 un ouvrier de la Sonelgaz qui travaillait dessus. Ils diront que la plupart des pilonnes du r\u00e9seau \u00e9lectrique de la ville sont dans le m\u00eame cas et repr\u00e9sentent un danger pour les citoyens de cette localit\u00e9 connue comme \u00e9tant un couloir de passage de temp\u00eates de vents. Tout comme ils reprochent au chef de da\u00efra du retard de la r\u00e9alisation du r\u00e9seau d&rsquo;assainissement qui pose probl\u00e8me notamment au niveau de\u00a0 l&rsquo;abattoir communal, ce qui cause une menace pour la sant\u00e9\u00a0 publique. Ils citeront aussi le manque d&rsquo;am\u00e9nagement des trottoirs et du bitumage des rues\u00a0 ainsi que le retard mis dans la r\u00e9alisation d&rsquo;une station-service et de d\u00e9p\u00f4t de stockage et de vente de bonbonnes de gaz butane.\u00a0\u00a0\u00a0\u00a0\u00a0\u00a0\u00a0\u00a0<\/div>\n<\/div>\n<p>Auteur: A. Messaoud<br \/>\n<a href=\"https:\/\/www.reflexiondz.net\/TABELBALA-BECHAR-Les-habitants-demandent-le-depart-du-chef-de-daira_a56290.html\">Cliquez ici pour lire l&rsquo;article depuis sa source.<\/a><\/p>\n","protected":false},"excerpt":{"rendered":"<p>Des dizaines de citoyens de la localit\u00e9 de Tabelbala, 420 km au sud-ouest de B\u00e9char et d\u00e9pendant administrativement de la wilaya d\u00e9l\u00e9gu\u00e9e de B\u00e9ni Abb\u00e9s, ont manifest\u00e9 lundi dernier devant le si\u00e8ge de la da\u00efra en scandant les slogans du \u2018\u2019hirak\u2019\u2019 et demandant le d\u00e9part du chef de da\u00efra. La goutte qui a fait d\u00e9border [&hellip;]<\/p>\n","protected":false},"author":1740,"featured_media":0,"comment_status":"closed","ping_status":"closed","sticky":false,"template":"","format":"standard","meta":{"fifu_image_url":"","fifu_image_alt":"","footnotes":""},"categories":[53,76],"tags":[],"class_list":["post-42584","post","type-post","status-publish","format-standard","hentry","category-algerie","category-regions"],"_links":{"self":[{"href":"https:\/\/linitiative.ca\/International\/wp-json\/wp\/v2\/posts\/42584","targetHints":{"allow":["GET"]}}],"collection":[{"href":"https:\/\/linitiative.ca\/International\/wp-json\/wp\/v2\/posts"}],"about":[{"href":"https:\/\/linitiative.ca\/International\/wp-json\/wp\/v2\/types\/post"}],"author":[{"embeddable":true,"href":"https:\/\/linitiative.ca\/International\/wp-json\/wp\/v2\/users\/1740"}],"replies":[{"embeddable":true,"href":"https:\/\/linitiative.ca\/International\/wp-json\/wp\/v2\/comments?post=42584"}],"version-history":[{"count":0,"href":"https:\/\/linitiative.ca\/International\/wp-json\/wp\/v2\/posts\/42584\/revisions"}],"wp:attachment":[{"href":"https:\/\/linitiative.ca\/International\/wp-json\/wp\/v2\/media?parent=42584"}],"wp:term":[{"taxonomy":"category","embeddable":true,"href":"https:\/\/linitiative.ca\/International\/wp-json\/wp\/v2\/categories?post=42584"},{"taxonomy":"post_tag","embeddable":true,"href":"https:\/\/linitiative.ca\/International\/wp-json\/wp\/v2\/tags?post=42584"}],"curies":[{"name":"wp","href":"https:\/\/api.w.org\/{rel}","templated":true}]}}