{"id":42585,"date":"2019-06-25T13:10:00","date_gmt":"2019-06-25T17:10:00","guid":{"rendered":"https:\/\/linitiative.ca\/International\/tiaret-la-source-deau-dain-djenane-serait-impropre-a-la-consommation\/"},"modified":"2019-06-25T13:10:00","modified_gmt":"2019-06-25T17:10:00","slug":"tiaret-la-source-deau-dain-djenane-serait-impropre-a-la-consommation","status":"publish","type":"post","link":"https:\/\/linitiative.ca\/International\/tiaret-la-source-deau-dain-djenane-serait-impropre-a-la-consommation\/","title":{"rendered":"TIARET : La source d&rsquo;eau d&rsquo;Ain-Djenane serait impropre \u00e0 la consommation"},"content":{"rendered":"<p><br id=\"sep_para_1\" class=\"sep_para access\"\/><\/p>\n<div id=\"para_1\" class=\"para_31875843 resize\">\n<div class=\"texte access firstletter\">Dans un communiqu\u00e9 adress\u00e9 aux instances concern\u00e9es, l&rsquo;organisation nationale de la protection du consommateur de Tiaret, vient de tirer la sonnette d&rsquo;alarme relative \u00e0 la qualit\u00e9 de l&rsquo;eau de source d&rsquo;Ain-Djenane qu&rsquo;elle qualifie de non-potable. En effet, rappelle le communiqu\u00e9 , suite au r\u00e9am\u00e9nagement de cette source qui a b\u00e9n\u00e9fici\u00e9 auparavant d&rsquo;un\u00a0 grand projet, il s&rsquo;est av\u00e9r\u00e9 que son eau serait impropre \u00e0 la consommation et apr\u00e8s les enqu\u00eates men\u00e9es par le bureau d\u2019hygi\u00e8ne de l&rsquo;APC de Tiaret et \u00e0 ce titre ,le secr\u00e9taire g\u00e9n\u00e9ral de la commune de Tiaret, selon le communiqu\u00e9 aurait inform\u00e9 le maire que les analyses effectu\u00e9es\u00a0 par\u00a0 le bureau r\u00e9gional d&rsquo;Oran, ont bien confirm\u00e9 que l&rsquo;eau de la source d&rsquo;Ain-Djenane serait impropre \u00e0 la consommation, eu \u00e9gard au grand taux de nitrate qui porte atteinte \u00e0 la sant\u00e9 du consommateur, et lors de notre visite\u00a0 au si\u00e8ge de la mairie, nous \u00e9tions surpris\u00a0 de la disparition \u00e9nigmatique des r\u00e9sultats des analyses qui ont \u00e9t\u00e9 envoy\u00e9s \u00e0 partir d&rsquo;Oran et devant cette situation qui demeure proie au \u00ab\u00a0flou\u00a0\u00bb, le bureau de wilaya revendique l&rsquo;ouverture d&rsquo;une enqu\u00eate approfondie. Pour l&rsquo;heure, l&rsquo;information ayant fait le buzz sur les r\u00e9seaux sociaux a\u00a0 mis toute la population dans un climat d\u2019inqui\u00e9tude .Rappelons,\u00a0 qu\u2019il y\u2019a 15 ans, 750 personnes ont \u00e9t\u00e9 hospitalis\u00e9es suite aux MTH. Des mesures salutaires sont indispensables pour \u00e9viter le pire.\u00a0\u00a0<\/div>\n<\/div>\n<p>Auteur: Abdelkader Benrebiha<br \/>\n<a href=\"https:\/\/www.reflexiondz.net\/TIARET-La-source-d-eau-d-Ain-Djenane-serait-impropre-a-la-consommation_a56289.html\">Cliquez ici pour lire l&rsquo;article depuis sa source.<\/a><\/p>\n","protected":false},"excerpt":{"rendered":"<p>Dans un communiqu\u00e9 adress\u00e9 aux instances concern\u00e9es, l&rsquo;organisation nationale de la protection du consommateur de Tiaret, vient de tirer la sonnette d&rsquo;alarme relative \u00e0 la qualit\u00e9 de l&rsquo;eau de source d&rsquo;Ain-Djenane qu&rsquo;elle qualifie de non-potable. En effet, rappelle le communiqu\u00e9 , suite au r\u00e9am\u00e9nagement de cette source qui a b\u00e9n\u00e9fici\u00e9 auparavant d&rsquo;un\u00a0 grand projet, il [&hellip;]<\/p>\n","protected":false},"author":1740,"featured_media":0,"comment_status":"closed","ping_status":"closed","sticky":false,"template":"","format":"standard","meta":{"fifu_image_url":"","fifu_image_alt":"","footnotes":""},"categories":[53,76],"tags":[],"class_list":["post-42585","post","type-post","status-publish","format-standard","hentry","category-algerie","category-regions"],"_links":{"self":[{"href":"https:\/\/linitiative.ca\/International\/wp-json\/wp\/v2\/posts\/42585","targetHints":{"allow":["GET"]}}],"collection":[{"href":"https:\/\/linitiative.ca\/International\/wp-json\/wp\/v2\/posts"}],"about":[{"href":"https:\/\/linitiative.ca\/International\/wp-json\/wp\/v2\/types\/post"}],"author":[{"embeddable":true,"href":"https:\/\/linitiative.ca\/International\/wp-json\/wp\/v2\/users\/1740"}],"replies":[{"embeddable":true,"href":"https:\/\/linitiative.ca\/International\/wp-json\/wp\/v2\/comments?post=42585"}],"version-history":[{"count":0,"href":"https:\/\/linitiative.ca\/International\/wp-json\/wp\/v2\/posts\/42585\/revisions"}],"wp:attachment":[{"href":"https:\/\/linitiative.ca\/International\/wp-json\/wp\/v2\/media?parent=42585"}],"wp:term":[{"taxonomy":"category","embeddable":true,"href":"https:\/\/linitiative.ca\/International\/wp-json\/wp\/v2\/categories?post=42585"},{"taxonomy":"post_tag","embeddable":true,"href":"https:\/\/linitiative.ca\/International\/wp-json\/wp\/v2\/tags?post=42585"}],"curies":[{"name":"wp","href":"https:\/\/api.w.org\/{rel}","templated":true}]}}