{"id":42608,"date":"2019-06-25T04:50:48","date_gmt":"2019-06-25T08:50:48","guid":{"rendered":"https:\/\/linitiative.ca\/International\/elle-fait-lactu-marwah-rizqy-deputee-canadienne-dorigine-marocaine\/"},"modified":"2019-06-25T04:50:48","modified_gmt":"2019-06-25T08:50:48","slug":"elle-fait-lactu-marwah-rizqy-deputee-canadienne-dorigine-marocaine","status":"publish","type":"post","link":"https:\/\/linitiative.ca\/International\/elle-fait-lactu-marwah-rizqy-deputee-canadienne-dorigine-marocaine\/","title":{"rendered":"Elle fait l\u2019actu : Marwah Rizqy, d\u00e9put\u00e9e canadienne d\u2019origine marocaine"},"content":{"rendered":"<p><strong>La d\u00e9put\u00e9e canadienne d\u2019origine marocaine, Marwah Rizqy, a \u00e9t\u00e9 d\u00e9sign\u00e9e \u00ab\u00a0r\u00e9v\u00e9lation\u00a0\u00bb de la session parlementaire au Qu\u00e9bec en reconnaissance de son apport remarqu\u00e9 et son engagement appr\u00e9ciable \u00e0 l\u2019H\u00e9micycle.<\/strong><\/p>\n<div class=\"c10\"\/>\n<p>L\u2019hommage rendu \u00e0 Rizqy, 33 ans, illustre surtout l\u2019\u00e9mergence d\u2019une nouvelle g\u00e9n\u00e9ration de politiciens, issus en particulier de la gente f\u00e9minine, ont soulign\u00e9 les auteurs d\u2019un sondage men\u00e9 par le journal La Presse.<br \/>Membre du Parti lib\u00e9ral du Qu\u00e9bec (opposition), la jeune d\u00e9put\u00e9e partage le titre de r\u00e9v\u00e9lation de la session parlementaire avec M\u00e9ganne Perry M\u00e9lan\u00e7on, du Parti qu\u00e9becois, les deux d\u00e9put\u00e9es ayant \u00e9t\u00e9 \u00e9lues par leurs propres coll\u00e8gues. \u00ab\u00a0C\u2019est la troisi\u00e8me fois que La Presse sonde les d\u00e9put\u00e9s pour d\u00e9signer ceux qui ont fait honneur \u00e0 leur profession\u00a0\u00bb, indique la publication, faisant remarquer que plus des trois quarts d\u2019entre eux ont accept\u00e9 de r\u00e9pondre au questionnaire, \u00abun taux de participation record\u00bb.<\/p>\n<p>Parmi les personnalit\u00e9s distingu\u00e9es dans l\u2019exercice de leur responsabilit\u00e9 politique et l\u00e9gislative, figurent Simon Jolin-Barrette et Genevi\u00e8ve Guilbault, respectivement \u00e2g\u00e9s de 32 et 36 ans. Ces deux membres de la Coalition Avenir Qu\u00e9bec (au pouvoir) \u00e9lus meilleurs parlementaires de la session \u00ab\u00a0cumulent d\u2019importantes responsabilit\u00e9s minist\u00e9rielles tout en \u00e9levant de jeunes enfants\u00a0\u00bb, note le quotidien.<\/p>\n<p>Le tableau des laur\u00e9ats r\u00e9v\u00e8le une tendance marquante: les femmes prennent une place de plus en plus importante \u00e0 l\u2019Assembl\u00e9e nationale de la province francophone et sont omnipr\u00e9sentes dans chaque cat\u00e9gorie du palmar\u00e8s, souligne le quotidien. Qualifiant d&rsquo;\u00a0\u00bbexcellente nouvelle\u00a0\u00bb cette forte pr\u00e9sence f\u00e9minine, Marwah Rizqy a estim\u00e9 qu\u2019une telle tendance \u00ab\u00a0va inciter les jeunes femmes \u00e0 faire le saut en politique sans h\u00e9siter et sans se dire que c\u2019est trop t\u00f4t\u00a0\u00bb.<\/p>\n<div class=\"c17\">\n<fieldset class=\"c16\">\n<legend><strong><span class=\"c11\">Challenge<\/span><span class=\"c12\">news<\/span><\/strong><\/legend>\n<div class=\"c15\">Le meilleur de la r\u00e9daction s\u00e9lectionn\u00e9 par Challenge :<\/p>\n<\/div>\n<\/fieldset>\n<\/div>\n<p>Auteur: challenge<br \/>\n<a href=\"https:\/\/www.challenge.ma\/elle-fait-lactu-marwah-rizqy-deputee-canadienne-dorigine-marocaine-111323\/\">Cliquez ici pour lire l&rsquo;article depuis sa source.<\/a><\/p>\n","protected":false},"excerpt":{"rendered":"<p>La d\u00e9put\u00e9e canadienne d\u2019origine marocaine, Marwah Rizqy, a \u00e9t\u00e9 d\u00e9sign\u00e9e \u00ab\u00a0r\u00e9v\u00e9lation\u00a0\u00bb de la session parlementaire au Qu\u00e9bec en reconnaissance de son apport remarqu\u00e9 et son engagement appr\u00e9ciable \u00e0 l\u2019H\u00e9micycle. L\u2019hommage rendu \u00e0 Rizqy, 33 ans, illustre surtout l\u2019\u00e9mergence d\u2019une nouvelle g\u00e9n\u00e9ration de politiciens, issus en particulier de la gente f\u00e9minine, ont soulign\u00e9 les auteurs d\u2019un [&hellip;]<\/p>\n","protected":false},"author":1787,"featured_media":0,"comment_status":"closed","ping_status":"closed","sticky":false,"template":"","format":"standard","meta":{"fifu_image_url":"","fifu_image_alt":"","footnotes":""},"categories":[78,54],"tags":[],"class_list":["post-42608","post","type-post","status-publish","format-standard","hentry","category-economie","category-maroc"],"_links":{"self":[{"href":"https:\/\/linitiative.ca\/International\/wp-json\/wp\/v2\/posts\/42608","targetHints":{"allow":["GET"]}}],"collection":[{"href":"https:\/\/linitiative.ca\/International\/wp-json\/wp\/v2\/posts"}],"about":[{"href":"https:\/\/linitiative.ca\/International\/wp-json\/wp\/v2\/types\/post"}],"author":[{"embeddable":true,"href":"https:\/\/linitiative.ca\/International\/wp-json\/wp\/v2\/users\/1787"}],"replies":[{"embeddable":true,"href":"https:\/\/linitiative.ca\/International\/wp-json\/wp\/v2\/comments?post=42608"}],"version-history":[{"count":0,"href":"https:\/\/linitiative.ca\/International\/wp-json\/wp\/v2\/posts\/42608\/revisions"}],"wp:attachment":[{"href":"https:\/\/linitiative.ca\/International\/wp-json\/wp\/v2\/media?parent=42608"}],"wp:term":[{"taxonomy":"category","embeddable":true,"href":"https:\/\/linitiative.ca\/International\/wp-json\/wp\/v2\/categories?post=42608"},{"taxonomy":"post_tag","embeddable":true,"href":"https:\/\/linitiative.ca\/International\/wp-json\/wp\/v2\/tags?post=42608"}],"curies":[{"name":"wp","href":"https:\/\/api.w.org\/{rel}","templated":true}]}}